{"id":3574,"date":"2021-08-28T09:58:41","date_gmt":"2021-08-28T09:58:41","guid":{"rendered":"https:\/\/krankenhauspfarramt.de\/index.php\/2021\/08\/28\/wir-bringen-an-diesem-tag-auch-eine-hoffnung-zum-ausdruck-die-hoffnung-dass-gott-heilung-schenken-moege-ekd\/"},"modified":"2021-08-28T09:58:44","modified_gmt":"2021-08-28T09:58:44","slug":"wir-bringen-an-diesem-tag-auch-eine-hoffnung-zum-ausdruck-die-hoffnung-dass-gott-heilung-schenken-moege-ekd","status":"publish","type":"post","link":"https:\/\/krankenhauspfarramt.de\/index.php\/2021\/08\/28\/wir-bringen-an-diesem-tag-auch-eine-hoffnung-zum-ausdruck-die-hoffnung-dass-gott-heilung-schenken-moege-ekd\/","title":{"rendered":"\u201eWir bringen an diesem Tag auch eine Hoffnung zum Ausdruck. Die Hoffnung, dass Gott Heilung schenken m\u00f6ge\u201c \u2013 EKD"},"content":{"rendered":"<p> <br \/>\n<\/p>\n<div id=\"\">\n<p>In Gedenken an die Verstorbenen und Betroffenen der Flutkatastrophe haben die christlichen Kirchen heute (28. August 2021) einen \u00f6kumenischen Gottesdienst im Hohen Dom zu Aachen gefeiert. Dazu eingeladen hatten der Ratsvorsitzende der Evangelischen Kirche in Deutschland (EKD), Landesbischof Heinrich Bedford-Strohm, und der Vorsitzende der Deutschen Bischofskonferenz, Bischof Georg B\u00e4tzing, gemeinsam mit dem Vorsitzenden der Arbeitsgemeinschaft Christlicher Kirchen in Deutschland (ACK), Erzpriester Radu Constantin Miron. Im Anschluss an den Gottesdienst hat Bundespr\u00e4sident Frank-Walter Steinmeier eine Ansprache gehalten.<\/p>\n<p>Landesbischof Bedford-Strohm betonte in seiner Predigt, dass Gott auch mitten in den Fluten erfahrbar gewesen sei. \u201eAber nicht als der, der auf den Flutknopf gedr\u00fcckt hat, sondern als der, der mit den Opfern geschrien hat, der mit ihnen gelitten hat, der sie getragen hat in den Abgr\u00fcnden, die sich aufgetan haben.\u201c Gott sei auch erfahrbar in Menschen, die geholfen h\u00e4tten, Schutt wegzur\u00e4umen und Chaos zu beseitigen und mit ihren Kr\u00e4ften oft \u00fcber ihre Grenzen hinausgegangen seien und in den Seelsorgenden, die das Leid mit ausgehalten h\u00e4tten. \u201eDenen, die einen Menschen verloren haben, kann niemand mehr diesen lieben Menschen zur\u00fcckbringen. Die Familienfotos, die alten Briefe, die weggesp\u00fclt worden sind, die Heimat, die damit verbunden ist, sind verloren. Wir bringen die Trauer und die Ohnmacht, die mit all den Verlusten verbunden sind, heute vor Gott\u201c, so Bedford-Strohm. \u201eAber wir bringen an diesem Tag auch eine Hoffnung zum Ausdruck. Die Hoffnung, dass Gott Heilung schenken m\u00f6ge, dass Gott Neuanfang schenken m\u00f6ge. F\u00fcr jeden Einzelnen. Und f\u00fcr unser ganzes Land. F\u00fcr einen ganzen Landstrich in Europa. Dass das Leid der Menschen, an dem wir alle so gro\u00dfen Anteil nehmen, unser Land ver\u00e4ndert. Dass wir alles daf\u00fcr tun, damit Menschen in der Zukunft solches Leid erspart bleibt\u201c, so Bedford-Strohm. Er selbst habe aber auch die Hoffnung, dass die Dramatik dessen, was passiert sei, die Abgr\u00fcnde an Leid, das Land zum Nachdenken gebracht und zu einem Neuanfang gef\u00fchrt haben. \u201eDie Folgen des menschengemachten Klimawandels sind bei uns angekommen. Das haben wir verstanden\u201c, so der EKD-Ratsvorsitzende.<\/p>\n<p>Bischof B\u00e4tzing erinnerte in seiner Predigt angesichts der Sprachlosigkeit \u00fcber Tod und Zerst\u00f6rung, die die Flutkatastrophe mit sich gebracht habe, an die Kraft des Gebets und der Psalmen: \u201eWenn es mir die Sprache verschl\u00e4gt, dann vertraue ich mich ganz intuitiv bekannten Worten und Gebeten an, dem Vaterunser, dem Rosenkranz, einem Wort der Heiligen Schrift \u2013 und dabei oft den Psalmen. Mit den Psalmen beten hei\u00dft, Klartext reden, nichts besch\u00f6nigen und dennoch hoffen\u201c, so Bischof B\u00e4tzing. \u201eEs werden noch etliche lange N\u00e4chte vergehen, die unruhig sein werden, gepr\u00e4gt von Angst und Sorge. Es braucht Zeit, bis Erfahrungen sacken, Verlust und Verletzungen verarbeitet werden k\u00f6nnen. Wunden, die in wenigen Stunden gerissen wurden, werden vernarben, hoffentlich auch heilen. Trauer um die verlorenen Menschen braucht Zeit, und es braucht unfassbar viel Kraft f\u00fcr Wiederaufbau und Neubeginn\u201c, so der Vorsitzende der Deutschen Bischofskonferenz. Schon jetzt sei aber auch ein Schimmer der Hoffnung sichtbar: \u201eUnendlich tr\u00f6stlich sind H\u00e4nde, die Halt geben; H\u00e4nde, die Menschen aus ihren H\u00e4usern gerettet haben; H\u00e4nde, die festhalten und umarmen, wenn Tr\u00e4nen flie\u00dfen; H\u00e4nde, die zupacken, Schutt und Dreck wegr\u00e4umen, pers\u00f6nliche Kostbarkeiten bergen; H\u00e4nde und freundliche Gesichter, die Essen verteilen, neue Infrastruktur schaffen, Kindern Ferien und Freizeit erm\u00f6glichen. Unz\u00e4hlige Ehrenamtliche, Fachkr\u00e4fte, Seelsorgerinnen und Seelsorger sind seit Wochen im Einsatz. Vergelt\u2019s Gott Ihnen allen f\u00fcr diesen gro\u00dfartigen Dienst\u201c, so Bischof B\u00e4tzing.<\/p>\n<p>Als G\u00e4ste waren im Aachener Hohen Dom Betroffene mit konkreten Verlusterfahrungen, Helfer, Retter und Engagierte eingeladen. Neben Bundespr\u00e4sident Steinmeier nahmen Bundestagspr\u00e4sident Wolfgang Sch\u00e4uble, Bundeskanzlerin Angela Merkel, Bundesratspr\u00e4sident Reiner Haseloff, der Pr\u00e4sident des Bundesverfassungsgerichts Stephan Harbarth sowie die Ministerpr\u00e4sidentin von Rheinland-Pfalz, Malu Dreyer, und der Ministerpr\u00e4sident von Nordrhein-Westfalen, Armin Laschet, teil.<\/p>\n<p>Bei dem Gottesdienst waren auch Vertreter der christlichen Kirchen aus den ebenfalls von der Flutkatastrophe betroffenen europ\u00e4ischen Nachbarl\u00e4ndern.<\/p>\n<p>Hinweise:<\/p>\n<p>Die Predigten von Bischof Dr. Georg B\u00e4tzing und Landesbischof Heinrich Bedford-Strohm sind unter www.ekd.de verf\u00fcgbar. Das ZDF als \u00fcbertragende Fernsehanstalt stellt Poolmaterial vom Gottesdienst zur Verf\u00fcgung. Bitte wenden Sie sich dazu an michaelis.c@zdf.de.<\/p>\n<p>Kostenfreie Fotos aus dem Gottesdienst werden \u00fcber eine Pooll\u00f6sung von dpa, epa und von einem Fotografen des Bistums Aachen angeboten.<\/p>\n<p class=\"EKDAdressdaten\">Hannover, 28. August 2021<\/p>\n<p class=\"EKDAdressdaten\">Pressestelle der EKD<br \/>Carsten Splitt<\/p>\n<\/div>\n","protected":false},"excerpt":{"rendered":"<p>In Gedenken an die Verstorbenen und Betroffenen der Flutkatastrophe haben die christlichen Kirchen heute (28. August 2021) einen \u00f6kumenischen Gottesdienst<\/p>\n","protected":false},"author":1,"featured_media":3575,"comment_status":"closed","ping_status":"closed","sticky":false,"template":"","format":"standard","meta":{"footnotes":""},"categories":[20],"tags":[],"_links":{"self":[{"href":"https:\/\/krankenhauspfarramt.de\/index.php\/wp-json\/wp\/v2\/posts\/3574"}],"collection":[{"href":"https:\/\/krankenhauspfarramt.de\/index.php\/wp-json\/wp\/v2\/posts"}],"about":[{"href":"https:\/\/krankenhauspfarramt.de\/index.php\/wp-json\/wp\/v2\/types\/post"}],"author":[{"embeddable":true,"href":"https:\/\/krankenhauspfarramt.de\/index.php\/wp-json\/wp\/v2\/users\/1"}],"replies":[{"embeddable":true,"href":"https:\/\/krankenhauspfarramt.de\/index.php\/wp-json\/wp\/v2\/comments?post=3574"}],"version-history":[{"count":1,"href":"https:\/\/krankenhauspfarramt.de\/index.php\/wp-json\/wp\/v2\/posts\/3574\/revisions"}],"predecessor-version":[{"id":3576,"href":"https:\/\/krankenhauspfarramt.de\/index.php\/wp-json\/wp\/v2\/posts\/3574\/revisions\/3576"}],"wp:featuredmedia":[{"embeddable":true,"href":"https:\/\/krankenhauspfarramt.de\/index.php\/wp-json\/wp\/v2\/media\/3575"}],"wp:attachment":[{"href":"https:\/\/krankenhauspfarramt.de\/index.php\/wp-json\/wp\/v2\/media?parent=3574"}],"wp:term":[{"taxonomy":"category","embeddable":true,"href":"https:\/\/krankenhauspfarramt.de\/index.php\/wp-json\/wp\/v2\/categories?post=3574"},{"taxonomy":"post_tag","embeddable":true,"href":"https:\/\/krankenhauspfarramt.de\/index.php\/wp-json\/wp\/v2\/tags?post=3574"}],"curies":[{"name":"wp","href":"https:\/\/api.w.org\/{rel}","templated":true}]}}