{"id":3577,"date":"2021-08-30T09:50:17","date_gmt":"2021-08-30T09:50:17","guid":{"rendered":"https:\/\/krankenhauspfarramt.de\/index.php\/2021\/08\/30\/gut-ist-noch-lange-nichts-ekd\/"},"modified":"2021-08-30T09:50:19","modified_gmt":"2021-08-30T09:50:19","slug":"gut-ist-noch-lange-nichts-ekd","status":"publish","type":"post","link":"https:\/\/krankenhauspfarramt.de\/index.php\/2021\/08\/30\/gut-ist-noch-lange-nichts-ekd\/","title":{"rendered":"&#8222;Gut ist noch lange nichts&#8220; \u2013 EKD"},"content":{"rendered":"<p> <br \/>\n<\/p>\n<div>\n<p><strong>Ein &#8222;Ahr-Psalm&#8220;, Klage-Rezitationen und bewegende Schilderungen von Angst und Zerst\u00f6rung: Der Gottesdienst f\u00fcr die Flutopfer gibt dem Entsetzen \u00fcber die Katastrophe Raum, fragt aber auch nach Konsequenzen f\u00fcr die Politik und das eigene Handeln.<\/strong><\/p>\n<p>Aachen (epd). \u201eSchreien will ich zu dir Gott, mit verwundeter Seele, doch meine Worte gefrieren mir auf der Zunge.\u201c Diese Worte ziehen sich wie ein roter Faden durch den \u00f6kumenischen Gottesdienst zum Gedenken an die Opfer der Flutkatastrophe Mitte Juli. Es ist ein Vers aus dem \u201eAhr-Psalm\u201c des katholischen Priesters Stephan Wahl. Er hat ihn kurz nach dem zerst\u00f6rerischen Hochwasser im Ahrtal und in anderen Regionen von Rheinland-Pfalz und Nordrhein-Westfalen mit mehr als 180 Toten und hunderten Verletzten geschrieben. Die Zunge l\u00f6sen, Leid und Verzweiflung \u00f6ffentlich Raum geben &#8211; das ist eine Seite des bundesweiten Trauerakts am Samstag im Aachener Dom, der vom ZDF \u00fcbertragen wird. Daneben geht es aber auch um Hoffnung und Zuversicht &#8211; eine schwierige Balance.<\/p>\n<\/p><\/div>\n<div id=\"\">\n<p>\u201eGott war da, mitten in den Fluten, aber nicht als der, der auf den Flutknopf dr\u00fcckt, sondern als der, der mit den Opfern geschrien hat, der mit ihnen gelitten hat\u201c, betont der Ratsvorsitzende der Evangelischen Kirche in Deutschland (EKD), Heinrich Bedford-Strohm, in seiner Predigt. Bei der Feier auf Einladung der EKD, der katholischen Deutschen Bischofskonferenz und der Arbeitsgemeinschaft christlicher Kirchen (ACK) geht es nicht um leere Trostformeln, sondern um echten Trost. Und darum, \u201e\u00fcberhaupt erstmal zu beschreiben, was passiert ist\u201c, wie der Vorsitzende der Bischofskonferenz, Bischof Georg B\u00e4tzing, vorsichtig formuliert: \u201eWir bitten Gott, Hoffnung zu schenken, wo die Hoffnung weggesp\u00fclt zu sein scheint.\u201c<\/p>\n<p>Zu den 180 geladenen G\u00e4sten geh\u00f6rt die politische Prominenz mit Bundespr\u00e4sident Frank-Walter Steinmeier (SPD), Bundeskanzlerin Angela Merkel (CDU) und den Ministerpr\u00e4sidenten von Nordrhein-Westfalen und Rheinland-Pfalz, Armin Laschet (CDU) und Malu Dreyer (SPD). Gut die H\u00e4lfte der G\u00e4ste, die wegen Corona einzeln und etwas verloren unter der pr\u00e4chtigen Kuppel des Aachener Doms sitzen, sind aber Betroffene der Flutkatastrophe sowie Helferinnen und Helfer, die ebenfalls zu Wort kommen.<\/p>\n<p>Sie habe die Erinnerung an die Nacht vom 14. auf den 15. Juli \u201eabgelegt wie in einer Schublade und fest verschlossen\u201c, erz\u00e4hlt eine Betroffene. Aber jetzt k\u00e4men immer neue \u00c4ngste: vor Winter und K\u00e4lte, vor neuen Fluten bei jedem Regen. \u201eGut ist noch lange nichts\u201c, lautet ihr Fazit. Notfallseelsorgerin Rita Nagel berichtet, wie schwer es ist, das Leben wiederzufinden, \u201edas mit den M\u00fcllbergen weggeworfen wurde\u201c: all die Fotos, Briefe und Erinnerungen aus vielen Jahren.<br \/>\u00a0<\/p>\n<\/div>\n<div id=\"\"><!-- SRC:  --><\/p>\n<aside class=\"article--aside quintus teaser teaser__related rs_skip rs_preserve\">\n<div class=\"teaser--article teaser--content\">\n<figure class=\"teaser--image\"><picture><source media=\"(max-width:935px)\" srcset=\"https:\/\/ekd.de\/ekd_de\/ds_img\/assets_1875_x\/hochwasser_flut_unwetter_rheinland_rdax_625x352_60.jpg 1x, https:\/\/ekd.de\/ekd_de\/ds_img\/assets_1875_x\/hochwasser_flut_unwetter_rheinland_rdax_1250x704_60.jpg 2x, https:\/\/ekd.de\/ekd_de\/ds_img\/assets_1875_x\/hochwasser_flut_unwetter_rheinland_rdax_60.jpg 3x\"><source media=\"(min-width:934px)\" srcset=\"https:\/\/ekd.de\/ekd_de\/ds_img\/assets_1875_x\/hochwasser_flut_unwetter_rheinland_rdax_360x203_70.jpg 1x, https:\/\/ekd.de\/ekd_de\/ds_img\/assets_1875_x\/hochwasser_flut_unwetter_rheinland_rdax_720x406_70.jpg 2x, https:\/\/ekd.de\/ekd_de\/ds_img\/assets_1875_x\/hochwasser_flut_unwetter_rheinland_rdax_1080x608_70.jpg 3x\"><\/source><\/source><\/picture><figcaption\/><\/figure>\n<p class=\"quintus--text teaser--text\">Das Hochwasser hat bei vielen Menschen gro\u00dfes Leid verursacht. In Gedanken und Gebeten ist die Evangelische Kirche in Deutschland bei allen Opfern dieser Unwetterkatastrophe. Sie m\u00f6chten helfen? Hier finden Sie Hilfsangebote und aktuelle Informationen.<\/p>\n<\/p><\/div>\n<\/aside>\n<div class=\"article--content\">\n<p>\u201eWir brauchen einander in dieser schweren Zeit\u201c, das ist die Erfahrung und der Appell des Aachener Superintendenten Hans-Peter Bruckhoff in einem dritten Betroffenen-Statement. Das Pfarrhaus des evangelischen Theologen wurde in der Nacht zerst\u00f6rt, in der er nicht zu Hause war. Seine Frau und ein Nachbar harrten dort aus und entz\u00fcndeten eine Kerze gegen die Dunkelheit, w\u00e4hrend das Wasser im Erdgeschoss stand.<\/p>\n<p>Emotional wirken auch alte j\u00fcdische oder christliche Klagerezitationen und Chor\u00e4le: \u201eUbi Caritas .. Wo Liebe ist und G\u00fcte, da wohnt Gott.\u201c Und so wird auch die gro\u00dfe Hilfsbereitschaft in den Flutgebieten immer wieder als Zeichen der Hoffnung benannt. \u201eIch wei\u00df: In der Stunde der Not sind wir ein starkes, ein solidarisches Land\u201c, sagt Bundespr\u00e4sident Steinmeier nach dem Gottesdienst. Er ruft dazu auf, nicht nachzulassen, wenn die Fernsehkameras in den Katastrophengebieten abgebaut sind. Zugleich richtet er den Blick auf den weltweiten Klimawandel: \u201eWir d\u00fcrfen keine Zeit mehr verlieren\u201c, forderte er. \u201eDie Folgen des Klimawandels haben auch uns in Europa erreicht &#8211; daran kann es keinen Zweifel geben. Wir m\u00fcssen den Klimawandel mit aller Entschlossenheit bek\u00e4mpfen!\u201c<\/p>\n<p>Der Gottesdienst war gedacht als bundesweites Zeichen des Mitgef\u00fchls &#8211; aber er erweist sich auch als Versuch, erste Lehren aus der Hochwasserkatastrophe zu ziehen. Die Folgen des \u201emenschengemachten Klimawandels\u201c seien angekommen, das ist unstrittig f\u00fcr den EKD-Ratsvorsitzenden Bedford-Strohm. Und so schlie\u00dft er seine Predigt mit der pers\u00f6nlichen Vision, dass \u201edie Abgr\u00fcnde an Leid\u201c bei der Flutkatastrophe in 20 Jahren zu einem klimafreundlichen Lebensstil gef\u00fchrt haben k\u00f6nnten. \u201eUnd wir alle haben verstanden, dass wir nie gegen die Natur gut leben k\u00f6nnen, sondern nur mit ihr.\u201c<br \/>\u00a0<\/p>\n<hr\/>\n<p>Zum Gedenkgottesdienst<\/p>\n<p>Zur Spendenaktion<\/p>\n<\/p><\/div>\n<\/div>\n","protected":false},"excerpt":{"rendered":"<p>Ein &#8222;Ahr-Psalm&#8220;, Klage-Rezitationen und bewegende Schilderungen von Angst und Zerst\u00f6rung: Der Gottesdienst f\u00fcr die Flutopfer gibt dem Entsetzen \u00fcber die<\/p>\n","protected":false},"author":1,"featured_media":3578,"comment_status":"closed","ping_status":"closed","sticky":false,"template":"","format":"standard","meta":{"footnotes":""},"categories":[20],"tags":[],"_links":{"self":[{"href":"https:\/\/krankenhauspfarramt.de\/index.php\/wp-json\/wp\/v2\/posts\/3577"}],"collection":[{"href":"https:\/\/krankenhauspfarramt.de\/index.php\/wp-json\/wp\/v2\/posts"}],"about":[{"href":"https:\/\/krankenhauspfarramt.de\/index.php\/wp-json\/wp\/v2\/types\/post"}],"author":[{"embeddable":true,"href":"https:\/\/krankenhauspfarramt.de\/index.php\/wp-json\/wp\/v2\/users\/1"}],"replies":[{"embeddable":true,"href":"https:\/\/krankenhauspfarramt.de\/index.php\/wp-json\/wp\/v2\/comments?post=3577"}],"version-history":[{"count":1,"href":"https:\/\/krankenhauspfarramt.de\/index.php\/wp-json\/wp\/v2\/posts\/3577\/revisions"}],"predecessor-version":[{"id":3579,"href":"https:\/\/krankenhauspfarramt.de\/index.php\/wp-json\/wp\/v2\/posts\/3577\/revisions\/3579"}],"wp:featuredmedia":[{"embeddable":true,"href":"https:\/\/krankenhauspfarramt.de\/index.php\/wp-json\/wp\/v2\/media\/3578"}],"wp:attachment":[{"href":"https:\/\/krankenhauspfarramt.de\/index.php\/wp-json\/wp\/v2\/media?parent=3577"}],"wp:term":[{"taxonomy":"category","embeddable":true,"href":"https:\/\/krankenhauspfarramt.de\/index.php\/wp-json\/wp\/v2\/categories?post=3577"},{"taxonomy":"post_tag","embeddable":true,"href":"https:\/\/krankenhauspfarramt.de\/index.php\/wp-json\/wp\/v2\/tags?post=3577"}],"curies":[{"name":"wp","href":"https:\/\/api.w.org\/{rel}","templated":true}]}}