{"id":3580,"date":"2021-08-30T13:52:13","date_gmt":"2021-08-30T13:52:13","guid":{"rendered":"https:\/\/krankenhauspfarramt.de\/index.php\/2021\/08\/30\/wie-die-fremde-welt-die-hand-reichte-ekd\/"},"modified":"2021-08-30T13:52:16","modified_gmt":"2021-08-30T13:52:16","slug":"wie-die-fremde-welt-die-hand-reichte-ekd","status":"publish","type":"post","link":"https:\/\/krankenhauspfarramt.de\/index.php\/2021\/08\/30\/wie-die-fremde-welt-die-hand-reichte-ekd\/","title":{"rendered":"&#8222;Wie die fremde Welt die Hand reichte&#8220; \u2013 EKD"},"content":{"rendered":"<p> <br \/>\n<\/p>\n<div>\n<p>Als sp\u00e4ter in ihren Steuerunterlagen stand, sie sei \u201eevangelisch-lutherisch\u201c, war sie ein wenig verbl\u00fcfft und trat aus der Kirche aus, der sie sich nie zugeh\u00f6rig gef\u00fchlt hatte. \u201eDie Vorstellung, einen Gottesdienst zu besuchen, hatte in meinem Leben etwa so viel Platz wie Tulpen im Oktober\u201c, schreibt sie. Doch dann begegnet sie in ihrem Beruf Menschen, die ihr eine andere Sicht er\u00f6ffnen. Ohne den kritischen Blick zu verlieren, erlebt sie eine \u201efremde Welt\u201c, die ihr die Hand reicht.<\/p>\n<p>F\u00fcr eine Auftragsarbeit interviewt sie die evangelische Superintendentin Christine Schmid. Es geht um die Wirtschaftskrise, aber die leitende L\u00fcneburger Theologin nimmt Worte wie \u201eSeele\u201c und \u201eMitgef\u00fchl\u201c, in den Mund. Sie sagt: \u201eDer Mensch darf nicht auf Rationalit\u00e4t und Leistung reduziert werden.\u201c Carolin George f\u00fchlt sich angesprochen, ohne dass dies gleich Konsequenzen hat.<\/p>\n<p>Sp\u00e4ter schreibt sie ein Buch \u00fcber Kirchen und Kapellen in der Region. Vieles, was sie dort sieht, versteht sie nicht. Die christliche Symbolik ist ihr fremd, doch die Atmosph\u00e4re mancher Sakralr\u00e4ume ber\u00fchrt sie. Als sie eine pers\u00f6nliche Krise durchlebt, wendet sie sich dann erneut an die Theologin Schmid. \u201eMit Freunden zu sprechen oder einem Therapeuten, h\u00e4tte mir nicht weitergeholfen\u201c, sagt sie. \u201eIch hatte das Gef\u00fchl, ich brauche eine Seelsorge.\u201c<\/p>\n<p>Carolin George schildert im Buch eine Ann\u00e4herung. \u201eKeine Sorge, was jetzt folgt, ist kein Buch \u00fcber meine Bekehrung. Keine Geschichte dar\u00fcber, dass mich der Blitz traf, und ich seither beseelt-schwingenden Schrittes durch das Leben springe\u201c, schreibt sie gleich am Anfang. Sie f\u00e4ngt an, Kirchen zu besuchen, auch einmal einen Gottesdienst. Mit dem Glauben an \u201eErsiees\u201c Gott gewinnt sie eine neue Freiheit, wie sie sagt. Der Glaube st\u00e4rke sie, lasse sie lieben und vergeben &#8211; auch sich selbst, wenn eigene Erwartungen zu hoch werden. Einen Tag nach ihrem 42. Geburtstag bekr\u00e4ftigt sie ihr neues Lebensgef\u00fchl, indem sie sich bei ihrer Konfirmation den Segen zusprechen l\u00e4sst.<\/p>\n<p>\u00dcblich ist das nicht. Denn Menschen, die als Kind getauft wurden, geh\u00f6ren nach dem Verst\u00e4ndnis der lutherischen Kirchen zur christlichen Gemeinschaft, auch wenn sie sich sp\u00e4ter nicht konfirmieren lassen. Doch Carolin George ist das wichtig. In einem \u201eBrief an Gott\u201c schrieb sie damals: \u201eIch freue mich wahnsinnig, dass wir uns endlich kennengelernt haben. Lass uns weiter so machen.\u201c<br \/>\u00a0<\/p>\n<\/p><\/div>\n","protected":false},"excerpt":{"rendered":"<p>Als sp\u00e4ter in ihren Steuerunterlagen stand, sie sei \u201eevangelisch-lutherisch\u201c, war sie ein wenig verbl\u00fcfft und trat aus der Kirche aus,<\/p>\n","protected":false},"author":1,"featured_media":3581,"comment_status":"closed","ping_status":"closed","sticky":false,"template":"","format":"standard","meta":{"footnotes":""},"categories":[20],"tags":[],"_links":{"self":[{"href":"https:\/\/krankenhauspfarramt.de\/index.php\/wp-json\/wp\/v2\/posts\/3580"}],"collection":[{"href":"https:\/\/krankenhauspfarramt.de\/index.php\/wp-json\/wp\/v2\/posts"}],"about":[{"href":"https:\/\/krankenhauspfarramt.de\/index.php\/wp-json\/wp\/v2\/types\/post"}],"author":[{"embeddable":true,"href":"https:\/\/krankenhauspfarramt.de\/index.php\/wp-json\/wp\/v2\/users\/1"}],"replies":[{"embeddable":true,"href":"https:\/\/krankenhauspfarramt.de\/index.php\/wp-json\/wp\/v2\/comments?post=3580"}],"version-history":[{"count":1,"href":"https:\/\/krankenhauspfarramt.de\/index.php\/wp-json\/wp\/v2\/posts\/3580\/revisions"}],"predecessor-version":[{"id":3582,"href":"https:\/\/krankenhauspfarramt.de\/index.php\/wp-json\/wp\/v2\/posts\/3580\/revisions\/3582"}],"wp:featuredmedia":[{"embeddable":true,"href":"https:\/\/krankenhauspfarramt.de\/index.php\/wp-json\/wp\/v2\/media\/3581"}],"wp:attachment":[{"href":"https:\/\/krankenhauspfarramt.de\/index.php\/wp-json\/wp\/v2\/media?parent=3580"}],"wp:term":[{"taxonomy":"category","embeddable":true,"href":"https:\/\/krankenhauspfarramt.de\/index.php\/wp-json\/wp\/v2\/categories?post=3580"},{"taxonomy":"post_tag","embeddable":true,"href":"https:\/\/krankenhauspfarramt.de\/index.php\/wp-json\/wp\/v2\/tags?post=3580"}],"curies":[{"name":"wp","href":"https:\/\/api.w.org\/{rel}","templated":true}]}}