{"id":3604,"date":"2021-09-02T12:08:16","date_gmt":"2021-09-02T12:08:16","guid":{"rendered":"https:\/\/krankenhauspfarramt.de\/index.php\/2021\/09\/02\/gemeinsames-engagement-der-christlichen-kirchen-ekd\/"},"modified":"2021-09-02T12:08:18","modified_gmt":"2021-09-02T12:08:18","slug":"gemeinsames-engagement-der-christlichen-kirchen-ekd","status":"publish","type":"post","link":"https:\/\/krankenhauspfarramt.de\/index.php\/2021\/09\/02\/gemeinsames-engagement-der-christlichen-kirchen-ekd\/","title":{"rendered":"Gemeinsames Engagement der christlichen Kirchen \u2013 EKD"},"content":{"rendered":"<p> <br \/>\n<\/p>\n<div id=\"\">\n<div class=\"article--meta article--meta__border clearfix\">\n<p>                                    <time datetime=\"02.09.2021 10:45\" class=\"article--time\">02.09.2021<\/time><strong class=\"article--type primus--overline\">Pressemitteilung<\/strong><\/p>\n<picture class=\"article--source-image image\"><source srcset=\"https:\/\/ekd.de\/ekd_de\/ds_img\/assets\/20170622_ekd-Quellenlogo_141_rdax_423x118.png\"><!--<source srcset=\"\/ekd_de\/ds_img\/assets\/20170622_ekd-Quellenlogo_141_rdax_141x39.png 1x, \/ekd_de\/ds_img\/assets\/20170622_ekd-Quellenlogo_141_rdax_282x78.png 2x, https:\/\/ekd.de\/ekd_de\/ds_img\/assets\/20170622_ekd-Quellenlogo_141_rdax_423x118.png 3x\">--><\/source><\/picture>\n<\/p><\/div>\n<h2 class=\"article--sub-headline primus--sub-headline\">Christliche Friedh\u00f6fe unter dem Dach des Immateriellen Kulturerbes<\/h2>\n<\/p><\/div>\n<div id=\"\">\n<p>Die evangelische und katholische Kirche betonen den Wert der Friedhofskultur f\u00fcr die Gesellschaft. Gemeinsam w\u00fcrdigen die Evangelische Kirche in Deutschland (EKD) und die Deutsche Bischofskonferenz (DBK) die christlichen Friedh\u00f6fe als tragende S\u00e4ulen des Immateriellen Kulturerbes \u201eFriedhofskultur in Deutschland\u201c. Es gelte, diese Kulturr\u00e4ume im Sinne der UNESCO-Auszeichnung zu pflegen und weiterzuentwickeln. So sollen in diesem Jahr die kommenden Trauer- und Gedenktage auch im Zeichen des Immateriellen Kulturerbes stehen.<\/p>\n<p>Gemeinsam mit dem Kuratorium Immaterielles Erbe Friedhofskultur haben die Kirchen heute (2. September 2021) in Berlin eine aktuelle Brosch\u00fcre mit dem Titel \u201eChristliche Friedh\u00f6fe unter dem Dach des Immateriellen Kulturerbes\u201c sowie eine Ausstellung zum Thema vorgestellt. Thematisiert werden nicht nur die vielseitigen Facetten dieses Kulturerbes \u2013 zum Beispiel in sozialer, historischer oder k\u00fcnstlerischer Sicht \u2013, sondern vor allem auch die Bedeutung des Kulturraums Friedhof f\u00fcr Christinnen und Christen.<\/p>\n<p>Der Vorsitzende des Rates der EKD, Landesbischof Heinrich Bedford-Strohm, bezeichnete die Friedh\u00f6fe als \u201eunverzichtbare Orte des menschlichen Lebens\u201c, die zugleich \u201ebedeutende Kulturorte\u201c seien. Die evangelische Kirche wolle \u201edas Ihre tun, um gute, heilsame und sch\u00f6ne Traditionen zu bewahren und zugleich neue Wege der Trauer- und Gedenkkultur zu er\u00f6ffnen, damit das Kult- und Kulturgut Friedhof eine gute Zukunft hat\u201c.<\/p>\n<p>Der Vorsitzende der Deutschen Bischofskonferenz, Bischof Georg B\u00e4tzing, w\u00fcrdigte Friedh\u00f6fe als Orte der Glaubenshoffnung, die \u201evoller Frieden sind\u201c und \u201edie gut tun\u201c. Zugleich seien Friedh\u00f6fe Orte, \u201edie Sorgsamkeit verk\u00f6rpern und die unserer besonderen Sorgsamkeit bed\u00fcrfen\u201c. Er forderte dazu auf, sich daf\u00fcr zu engagieren, dass \u201edie leise Sprache der Friedh\u00f6fe nicht untergeht im Mahlstrom der Umbr\u00fcche unserer Zeit\u201c. Das Kuratorium Immaterielles Erbe Friedhofskultur ist der offizielle Partner der Deutschen UNESCO-Kommission f\u00fcr dieses Kulturerbe. Dessen Gesch\u00e4ftsf\u00fchrer, Tobias Pehle, betonte anl\u00e4sslich der Vorstellung, dass \u201eunsere Friedhofslandschaft ohne die christlichen Friedh\u00f6fe nicht denkbar ist\u201c. Diese Friedh\u00f6fe seien somit untrennbar mit dem Immateriellen Kulturerbe \u201eFriedhofskultur in Deutschland\u201c verbunden.<\/p>\n<p>Die Auszeichnung als Immaterielles Kulturerbe zielt nicht nur auf die Pflege und den Erhalt der entsprechenden Kulturformen ab, sondern vor allem auf deren zeitgerechte Weiterentwicklung. Dieser Aufgabe wollen sich die Kirchen zusammen mit Partnern wie dem Kuratorium k\u00fcnftig verst\u00e4rkt stellen. Ziel sei es, die Bedeutung der Friedhofskultur f\u00fcr unsere Gesellschaft deutlich herauszustellen und somit auch einen Beitrag zum Erhalt der christlichen Friedh\u00f6fe zu leisten.<\/p>\n<p>Dazu ist es zun\u00e4chst wichtig, \u00fcber den kulturellen Wert der christlichen Friedh\u00f6fe unter dem Dach der UNESCO-Auszeichnung zu informieren. Deshalb sollen an m\u00f6glichst vielen Friedh\u00f6fen entsprechende Hinweistafeln angebracht werden. F\u00fcr die Kirchengemeinden gibt es dar\u00fcber hinaus umfassende Informationsbrosch\u00fcren. Zudem haben Kirchen und Kuratorium eine Wanderausstellung erarbeitet, die zun\u00e4chst vor allem in kirchlichen Bildungseinrichtungen den Bekanntheitsgrad dieses Kulturerbes steigern soll. Nicht zuletzt wird das Immaterielle Erbe Friedhofskultur in Deutschland auch an den kommenden Trauer- und Gedenktagen in den Kirchen thematisiert.<\/p>\n<p>Hinweise: Detailliertere Informationen finden Sie unter https:\/\/kulturerbe-friedhof.de\/christliche-friedhoefe.html. Die Brosch\u00fcre kann unter https:\/\/kulturerbe-friedhof.de\/broschuere-kirchen\/flip\/mobile\/index.html gelesen und unter https:\/\/friedhofskultur.aidaform.com\/bestellformular-brosch-re-christliche-friedh-fe bestellt werden.<\/p>\n<p><em>Ansprechpartner:<\/em><\/p>\n<p>Evangelische Kirche in Deutschland (EKD)<br \/>Pressestelle der EKD<br \/>Herrenh\u00e4user Str. 12<br \/>30419 Hannover<br \/>presse@ekd.de<br \/>Tel.: 0511 2769-268<\/p>\n<p>Deutsche Bischofskonferenz<br \/>Pressestelle der Deutschen Bischofskonferenz<br \/>Kaiserstra\u00dfe 161<br \/>53113 Bonn<br \/>pressestelle@dbk.de<br \/>Tel.: 0228 103-214<\/p>\n<p>Kuratorium Immaterielles Erbe Friedhofskultur<br \/>Tobias Pehle<br \/>An der alten M\u00fchle 1b<br \/>59427 Unna<br \/>presse@kulturerbe-friedhof.de<br \/>Tel.: 0171 70 39 925<\/p>\n<p>Hannover, 2. September 2021<\/p>\n<p class=\"EKDFlietext\">Pressestelle der EKD<br \/>Annika Lukas<\/p>\n<\/div>\n","protected":false},"excerpt":{"rendered":"<p>02.09.2021Pressemitteilung Christliche Friedh\u00f6fe unter dem Dach des Immateriellen Kulturerbes Die evangelische und katholische Kirche betonen den Wert der Friedhofskultur f\u00fcr<\/p>\n","protected":false},"author":1,"featured_media":3605,"comment_status":"closed","ping_status":"closed","sticky":false,"template":"","format":"standard","meta":{"footnotes":""},"categories":[20],"tags":[],"_links":{"self":[{"href":"https:\/\/krankenhauspfarramt.de\/index.php\/wp-json\/wp\/v2\/posts\/3604"}],"collection":[{"href":"https:\/\/krankenhauspfarramt.de\/index.php\/wp-json\/wp\/v2\/posts"}],"about":[{"href":"https:\/\/krankenhauspfarramt.de\/index.php\/wp-json\/wp\/v2\/types\/post"}],"author":[{"embeddable":true,"href":"https:\/\/krankenhauspfarramt.de\/index.php\/wp-json\/wp\/v2\/users\/1"}],"replies":[{"embeddable":true,"href":"https:\/\/krankenhauspfarramt.de\/index.php\/wp-json\/wp\/v2\/comments?post=3604"}],"version-history":[{"count":1,"href":"https:\/\/krankenhauspfarramt.de\/index.php\/wp-json\/wp\/v2\/posts\/3604\/revisions"}],"predecessor-version":[{"id":3606,"href":"https:\/\/krankenhauspfarramt.de\/index.php\/wp-json\/wp\/v2\/posts\/3604\/revisions\/3606"}],"wp:featuredmedia":[{"embeddable":true,"href":"https:\/\/krankenhauspfarramt.de\/index.php\/wp-json\/wp\/v2\/media\/3605"}],"wp:attachment":[{"href":"https:\/\/krankenhauspfarramt.de\/index.php\/wp-json\/wp\/v2\/media?parent=3604"}],"wp:term":[{"taxonomy":"category","embeddable":true,"href":"https:\/\/krankenhauspfarramt.de\/index.php\/wp-json\/wp\/v2\/categories?post=3604"},{"taxonomy":"post_tag","embeddable":true,"href":"https:\/\/krankenhauspfarramt.de\/index.php\/wp-json\/wp\/v2\/tags?post=3604"}],"curies":[{"name":"wp","href":"https:\/\/api.w.org\/{rel}","templated":true}]}}