{"id":3607,"date":"2021-09-02T15:15:01","date_gmt":"2021-09-02T15:15:01","guid":{"rendered":"https:\/\/krankenhauspfarramt.de\/index.php\/2021\/09\/02\/kirchen-wollen-friedhofskultur-staerken-ekd\/"},"modified":"2021-09-02T15:15:04","modified_gmt":"2021-09-02T15:15:04","slug":"kirchen-wollen-friedhofskultur-staerken-ekd","status":"publish","type":"post","link":"https:\/\/krankenhauspfarramt.de\/index.php\/2021\/09\/02\/kirchen-wollen-friedhofskultur-staerken-ekd\/","title":{"rendered":"Kirchen wollen Friedhofskultur st\u00e4rken \u2013 EKD"},"content":{"rendered":"<p> <br \/>\n<\/p>\n<div>\n<p>Hannover, Bonn (epd). Die beiden gro\u00dfen Kirchen wollen mit einer gemeinsamen Informationskampagne die Friedhofskultur in Deutschland st\u00e4rken. Christliche Friedh\u00f6fe seien eine tragende S\u00e4ule des kulturellen Erbes, erkl\u00e4rten die Evangelische Kirche in Deutschland (EKD) und die katholische Deutsche Bischofskonferenz (DBK) am Donnerstag. Diese Kulturr\u00e4ume gelte es zu pflegen und weiterzuentwickeln.<\/p>\n<\/p><\/div>\n<div id=\"\">\n<p>Im vergangenen Jahr nahm die UN-Kulturorganisation Unesco die Friedhofskultur in Deutschland in ihre Liste immaterieller Kulturg\u00fcter auf. Zur Friedhofskultur geh\u00f6ren die Friedh\u00f6fe selbst, aber auch die Bestattungspraxis, Trauer- und Erinnerungsrituale sowie handwerkliche T\u00e4tigkeiten, die damit zusammenh\u00e4ngen.<\/p>\n<p>Mit Brosch\u00fcren f\u00fcr Kirchengemeinden, einer Wanderausstellung und Informationstafeln auf Friedh\u00f6fen wollen EKD und DBK \u00fcber Geschichte und Bedeutung der Friedhofskultur informieren. Zudem soll das Thema eine Rolle bei den kommenden Trauer- und Gedenktagen spielen.<\/p>\n<p>Friedh\u00f6fe seien \u201eunverzichtbare Orte des menschlichen Lebens\u201c, sagte der EKD-Ratsvorsitzende Heinrich Bedford-Strohm. Dabei gehe es darum, die Tradition zu bewahren und zugleich \u201eneue Wege der Trauer- und Gedenkkultur zu er\u00f6ffnen, damit das Kult- und Kulturgut Friedhof eine Zukunft hat\u201c.<\/p>\n<p>Der Vorsitzende der Deutschen Bischofskonferenz, Georg B\u00e4tzing, w\u00fcrdigte die Friedh\u00f6fe als Orte der Glaubenshoffnung, die voller Frieden seien und den Menschen gut t\u00e4ten. Die \u201eleise Sprache der Friedh\u00f6fe\u201c d\u00fcrfe nicht untergehen.<\/p>\n<hr\/>\n<p>Zur Webseite www.kulturerbe-friedhof.de<br \/>\u00a0<\/p>\n<\/div>\n","protected":false},"excerpt":{"rendered":"<p>Hannover, Bonn (epd). Die beiden gro\u00dfen Kirchen wollen mit einer gemeinsamen Informationskampagne die Friedhofskultur in Deutschland st\u00e4rken. Christliche Friedh\u00f6fe seien<\/p>\n","protected":false},"author":1,"featured_media":3605,"comment_status":"closed","ping_status":"closed","sticky":false,"template":"","format":"standard","meta":{"footnotes":""},"categories":[20],"tags":[],"_links":{"self":[{"href":"https:\/\/krankenhauspfarramt.de\/index.php\/wp-json\/wp\/v2\/posts\/3607"}],"collection":[{"href":"https:\/\/krankenhauspfarramt.de\/index.php\/wp-json\/wp\/v2\/posts"}],"about":[{"href":"https:\/\/krankenhauspfarramt.de\/index.php\/wp-json\/wp\/v2\/types\/post"}],"author":[{"embeddable":true,"href":"https:\/\/krankenhauspfarramt.de\/index.php\/wp-json\/wp\/v2\/users\/1"}],"replies":[{"embeddable":true,"href":"https:\/\/krankenhauspfarramt.de\/index.php\/wp-json\/wp\/v2\/comments?post=3607"}],"version-history":[{"count":1,"href":"https:\/\/krankenhauspfarramt.de\/index.php\/wp-json\/wp\/v2\/posts\/3607\/revisions"}],"predecessor-version":[{"id":3608,"href":"https:\/\/krankenhauspfarramt.de\/index.php\/wp-json\/wp\/v2\/posts\/3607\/revisions\/3608"}],"wp:featuredmedia":[{"embeddable":true,"href":"https:\/\/krankenhauspfarramt.de\/index.php\/wp-json\/wp\/v2\/media\/3605"}],"wp:attachment":[{"href":"https:\/\/krankenhauspfarramt.de\/index.php\/wp-json\/wp\/v2\/media?parent=3607"}],"wp:term":[{"taxonomy":"category","embeddable":true,"href":"https:\/\/krankenhauspfarramt.de\/index.php\/wp-json\/wp\/v2\/categories?post=3607"},{"taxonomy":"post_tag","embeddable":true,"href":"https:\/\/krankenhauspfarramt.de\/index.php\/wp-json\/wp\/v2\/tags?post=3607"}],"curies":[{"name":"wp","href":"https:\/\/api.w.org\/{rel}","templated":true}]}}