{"id":3609,"date":"2021-09-03T08:45:38","date_gmt":"2021-09-03T08:45:38","guid":{"rendered":"https:\/\/krankenhauspfarramt.de\/index.php\/2021\/09\/03\/kirche-und-diakonie-wollen-den-wandel-mitgestalten-ekd\/"},"modified":"2021-09-03T08:45:40","modified_gmt":"2021-09-03T08:45:40","slug":"kirche-und-diakonie-wollen-den-wandel-mitgestalten-ekd","status":"publish","type":"post","link":"https:\/\/krankenhauspfarramt.de\/index.php\/2021\/09\/03\/kirche-und-diakonie-wollen-den-wandel-mitgestalten-ekd\/","title":{"rendered":"Kirche und Diakonie wollen den Wandel mitgestalten \u2013 EKD"},"content":{"rendered":"<p> <br \/>\n<\/p>\n<div id=\"\">\n<div class=\"article--meta article--meta__border clearfix\">\n<p>                                    <time datetime=\"03.09.2021 09:55\" class=\"article--time\">03.09.2021<\/time><strong class=\"article--type primus--overline\">Pressemitteilung<\/strong><\/p>\n<picture class=\"article--source-image image\"><source srcset=\"https:\/\/ekd.de\/ekd_de\/ds_img\/assets\/20170622_ekd-Quellenlogo_141_rdax_423x118.png\"><!--<source srcset=\"\/ekd_de\/ds_img\/assets\/20170622_ekd-Quellenlogo_141_rdax_141x39.png 1x, \/ekd_de\/ds_img\/assets\/20170622_ekd-Quellenlogo_141_rdax_282x78.png 2x, https:\/\/ekd.de\/ekd_de\/ds_img\/assets\/20170622_ekd-Quellenlogo_141_rdax_423x118.png 3x\">--><\/source><\/picture>\n<\/p><\/div>\n<h2 class=\"article--sub-headline primus--sub-headline\">WIR&amp;HIER-Kongress besch\u00e4ftigt sich mit der sozialr\u00e4umlichen Ausrichtung als Zukunftsthema<\/h2>\n<\/p><\/div>\n<div id=\"\">\n<p class=\"EKDAdressdaten\"><span style=\"background-attachment:initial; background-clip:initial; background-image:initial; background-origin:initial; background-position:initial; background-repeat:initial; background-size:initial\">Der Pr\u00e4sident der Diakonie Deutschland, Ulrich Lilie, hat die Gestaltung der Sozialr\u00e4ume als wichtiges strategisches Zukunftsthema von Kirche und Diakonie hervorgehoben. \u201eWir leben in einer Zeit, in welcher der rasante Wandel manchmal die einzige Konstante zu sein scheint\u201c, sagte Lilie zu Beginn des digitalen Kongresses \u201eWIR&amp;HIER &#8211; Gemeinsam Lebensr\u00e4ume gestalten\u201c, den die Diakonie Deutschland und die Evangelische Kirche in Deutschland (EKD) vom 3. bis 4. September veranstalten. Lilie betonte, dass Kirche und Diakonie nicht abseits dieser Entwicklung st\u00fcnden, sondern Teil der Gesellschaft der vielen Umbr\u00fcche und neuen Aufbr\u00fcche seien. \u201eKirche und Diakonie wollen Mitgestalter des Wandels sein. Und dadurch einen Beitrag zu einer neuen Erz\u00e4hlung von Zusammenhalt und Teilhabe f\u00fcr alle leisten\u201c, so der Diakonie-Pr\u00e4sident.<\/span><\/p>\n<p class=\"EKDAdressdaten\">F\u00fcr den Vorsitzenden des Rates der EKD, Landesbischof Heinrich-Bedford-Strohm, ist dabei die Vernetzung ein zentrales Gestaltungselement. \u201eVernetzung geht digital, aber eben auch vor Ort. Das bringt Kirche und Diakonie in Bewegung.\u201c Dabei liege es nahe, \u201ehinaus ins Weite\u201c zu gehen. \u201eWir m\u00fcssen rausgehen zu den Menschen &#8211; direkt vor unsere Haust\u00fcr, vor unsere Kirchent\u00fcr. Sozialraumorientierung steht f\u00fcr eine Kirche und Diakonie, die sich nicht zur\u00fcckzieht, sondern sich verl\u00e4sst, sich einl\u00e4sst, sich selbst aussetzt\u201c, so Bedford-Strohm.<\/p>\n<p class=\"EKDAdressdaten\">Wie konkret Projekte im Sozialraum aussehen, steht derzeit im Fokus der #Pr\u00e4sestour von EKD-Synodenpr\u00e4ses Anna-Nicole Heinrich. Seit dem 23. August ist Pr\u00e4ses Heinrich unterwegs, um Projekte vornehmlich auch au\u00dferhalb der Kirche kennenzulernen. \u201eIch fahre quer durch Deutschland und treffe jeden Tag interessante Menschen mit spannenden Initiativen, die voller Leidenschaft stecken und den Sozialraum im Blick haben. Als Kirche und Diakonie m\u00fcssen wir uns zusammen mit unterschiedlichsten Partner:innen zuk\u00fcnftig noch mehr als Erm\u00f6glicher:innen f\u00fcr sozialraumorientierte Projekte verstehen, damit wir Menschen in ihren diversen Lebensbez\u00fcgen erreichen\u201c, so die Synodenpr\u00e4ses.<\/p>\n<p class=\"EKDAdressdaten\">Neben der fachlichen Diskussion steht die Vorstellung von 30 konkreten Projekten im Mittelpunkt des praxisorientierten Kongresses. Alle Informationen zum Kongress finden Sie auf www.wirundhier-kongress.de.<\/p>\n<p class=\"EKDAdressdaten\">Der Kongress findet in Kooperation mit der Deutschen Fernsehlotterie und den Versicherern im Raum der Kirchen statt. Zudem unterst\u00fctzen die Evangelische Bank und der Ecclesia Versicherungsdienst die Veranstaltung.<\/p>\n<p class=\"EKDAdressdaten\">R\u00fcckfragen gern an Kathrin Klinkusch, Pressesprecherin Diakonie Deutschland, Tel. +49 30-65211-1878, E-Mail: <span class=\"Hyperlink0\"><span style=\"text-decoration-color:initial; text-decoration-line:underline; text-decoration-thickness:initial\"><span lang=\"FR\">kathrin.klinkusch@diakonie.de<\/span><\/span><\/span><span class=\"Hyperlink0\"><span style=\"text-decoration-line:underline; text-decoration-thickness:initial\"><span lang=\"FR\">.<\/span><\/span><\/span><\/p>\n<p class=\"EKDAdressdaten\">Hannover, 3. September 2021<\/p>\n<p class=\"EKDAdressdaten\">Pressestelle der EKD<br \/>Annika Lukas<\/p>\n<\/div>\n","protected":false},"excerpt":{"rendered":"<p>03.09.2021Pressemitteilung WIR&amp;HIER-Kongress besch\u00e4ftigt sich mit der sozialr\u00e4umlichen Ausrichtung als Zukunftsthema Der Pr\u00e4sident der Diakonie Deutschland, Ulrich Lilie, hat die Gestaltung<\/p>\n","protected":false},"author":1,"featured_media":3610,"comment_status":"closed","ping_status":"closed","sticky":false,"template":"","format":"standard","meta":{"footnotes":""},"categories":[20],"tags":[],"_links":{"self":[{"href":"https:\/\/krankenhauspfarramt.de\/index.php\/wp-json\/wp\/v2\/posts\/3609"}],"collection":[{"href":"https:\/\/krankenhauspfarramt.de\/index.php\/wp-json\/wp\/v2\/posts"}],"about":[{"href":"https:\/\/krankenhauspfarramt.de\/index.php\/wp-json\/wp\/v2\/types\/post"}],"author":[{"embeddable":true,"href":"https:\/\/krankenhauspfarramt.de\/index.php\/wp-json\/wp\/v2\/users\/1"}],"replies":[{"embeddable":true,"href":"https:\/\/krankenhauspfarramt.de\/index.php\/wp-json\/wp\/v2\/comments?post=3609"}],"version-history":[{"count":1,"href":"https:\/\/krankenhauspfarramt.de\/index.php\/wp-json\/wp\/v2\/posts\/3609\/revisions"}],"predecessor-version":[{"id":3611,"href":"https:\/\/krankenhauspfarramt.de\/index.php\/wp-json\/wp\/v2\/posts\/3609\/revisions\/3611"}],"wp:featuredmedia":[{"embeddable":true,"href":"https:\/\/krankenhauspfarramt.de\/index.php\/wp-json\/wp\/v2\/media\/3610"}],"wp:attachment":[{"href":"https:\/\/krankenhauspfarramt.de\/index.php\/wp-json\/wp\/v2\/media?parent=3609"}],"wp:term":[{"taxonomy":"category","embeddable":true,"href":"https:\/\/krankenhauspfarramt.de\/index.php\/wp-json\/wp\/v2\/categories?post=3609"},{"taxonomy":"post_tag","embeddable":true,"href":"https:\/\/krankenhauspfarramt.de\/index.php\/wp-json\/wp\/v2\/tags?post=3609"}],"curies":[{"name":"wp","href":"https:\/\/api.w.org\/{rel}","templated":true}]}}