{"id":3612,"date":"2021-09-03T11:39:07","date_gmt":"2021-09-03T11:39:07","guid":{"rendered":"https:\/\/krankenhauspfarramt.de\/index.php\/2021\/09\/03\/evangelische-verlagsanstalt-feiert-75-jaehriges-bestehen-ekd\/"},"modified":"2021-09-03T11:39:09","modified_gmt":"2021-09-03T11:39:09","slug":"evangelische-verlagsanstalt-feiert-75-jaehriges-bestehen-ekd","status":"publish","type":"post","link":"https:\/\/krankenhauspfarramt.de\/index.php\/2021\/09\/03\/evangelische-verlagsanstalt-feiert-75-jaehriges-bestehen-ekd\/","title":{"rendered":"Evangelische Verlagsanstalt feiert 75-j\u00e4hriges Bestehen \u2013 EKD"},"content":{"rendered":"<p> <br \/>\n<\/p>\n<div>\n<p>Leipzig (epd). Mit einem Festakt in der Leipziger Thomaskirche hat die Evangelische Verlagsanstalt am Donnerstag ihr 75-j\u00e4hriges Bestehen gefeiert. Der Pr\u00e4sident der Berlin-Brandenburgischen Akademie der Wissenschaften, Christoph Markschies, w\u00fcrdigte als einer der Festredner die Arbeit der EVA trotz aller Widrigkeiten in der DDR-Zeit. Die Ver\u00f6ffentlichung von religi\u00f6ser und theologischer Literatur, Noten und Kunstb\u00e4nde, aber auch Kleinschriftentum und Gebrauchsliteratur habe \u201eviel Beweglichkeit und Einfallsreichtum\u201c im Umgang mit einer staatlich gelenkten Mangelwirtschaft und im allt\u00e4glichen Umgang mit Beh\u00f6rden&#8220; gefordert.<\/p>\n<\/p><\/div>\n<div id=\"\">\n<p>Die Arbeit, die die EVA unter den Bedingungen der DDR geleistet habe, sei mehr als nur die blo\u00dfe Vorgeschichte der Verlagsexistenz nach 1989, unterstrich der Theologie-Professor. Auch der Pr\u00e4sident des Kirchenamtes der Evangelische Kirche in Deutschland (EKD), Hans Ulrich Anke, erinnerte an die wechselvolle Geschichte des Verlages, bei dem etwa unter dem SED-Regime jedes einzelne Buchprojekt eine existenzielle Herausforderung gewesen sei. Die Herausforderungen der Zukunft l\u00e4gen indes in der digitalen Transformation, f\u00fcgte er hinzu.<\/p>\n<p>Der Bischof der Evangelische Kirche in Mitteldeutschland, Friedrich Kramer, dr\u00fcckte als einer der Gesellschafter die Hoffnung auf eine lange Fortsetzung der erfolgreichen Verlagsgeschichte aus. Die EVA z\u00e4hlt nach eigenen Angaben zu den gr\u00f6\u00dften konfessionellen Verlagen im deutschsprachigen Raum. Mit bis zu 180 Neuerscheinungen pro Jahr versteht sich der Verlag als Vermittler und Br\u00fcckenbauer zwischen Theologie und Gemeinden, aber auch zwischen Kirche und s\u00e4kularer \u00d6ffentlichkeit.<\/p>\n<p>Zu den Publikationen z\u00e4hlen theologisch-wissenschaftliche Werke, christliche Belletristik sowie Biografien und Kalender. Seit 2016 beinhaltet das EVA-Angebot auch das Verlagsprogramm des evangelischen Monatsmagazins \u201echrismon\u201c mit seinem Buch-, CD- und Kalenderprofil. Der Verlagssitz befindet sich in Leipzig.<\/p>\n<p>Die Gr\u00fcndung der Evangelischen Verlagsanstalt GmbH 1946 geht auf Verhandlungen zwischen der Sowjetischen Milit\u00e4radministration und der Kirchenleitung in Ostdeutschland zur\u00fcck. Ziel war es, einen Zentralverlag f\u00fcr evangelische Publizistik zu schaffen. Einschneidende Ver\u00e4nderungen erlebte der Verlag in den 1990er Jahren: Der einzige evangelische Kirchenverlag der DDR verlor nicht nur seine Monopolstellung, sondern sah sich auch einer publizistisch v\u00f6llig neuen Situation mit anderen Marktbedingungen gegen\u00fcber, wie EVA-Gesch\u00e4ftsf\u00fchrer Sebastian Kn\u00f6fel im Gespr\u00e4ch mit dem Evangelischen Pressedienst (epd) erkl\u00e4rte. Sinkende Absatzzahlen, neue Konkurrenten auf dem westdeutschen Markt und die Aufl\u00f6sung des Berliner Hauptsitzes habe zu betriebswirtschaftlichen Einschnitten gef\u00fchrt.<\/p>\n<p>Getragen wird die EVA vom Gemeinschaftswerk der Evangelischen Publizistik (GEP) als Mehrheitsgesellschafter sowie der Evangelischen Kirche Mitteldeutschland (EKM). Zum GEP geh\u00f6rt unter anderem die Zentralredaktion des Evangelischen Pressedienstes (epd). Im Rahmen einer Neustrukturierung schied die Evangelisch-Lutherische Landeskirche Sachsens (EVLKS) 2020 als Gesellschafter bei der EVA aus.<br \/>\u00a0<\/p>\n<\/div>\n","protected":false},"excerpt":{"rendered":"<p>Leipzig (epd). Mit einem Festakt in der Leipziger Thomaskirche hat die Evangelische Verlagsanstalt am Donnerstag ihr 75-j\u00e4hriges Bestehen gefeiert. Der<\/p>\n","protected":false},"author":1,"featured_media":3613,"comment_status":"closed","ping_status":"closed","sticky":false,"template":"","format":"standard","meta":{"footnotes":""},"categories":[20],"tags":[],"_links":{"self":[{"href":"https:\/\/krankenhauspfarramt.de\/index.php\/wp-json\/wp\/v2\/posts\/3612"}],"collection":[{"href":"https:\/\/krankenhauspfarramt.de\/index.php\/wp-json\/wp\/v2\/posts"}],"about":[{"href":"https:\/\/krankenhauspfarramt.de\/index.php\/wp-json\/wp\/v2\/types\/post"}],"author":[{"embeddable":true,"href":"https:\/\/krankenhauspfarramt.de\/index.php\/wp-json\/wp\/v2\/users\/1"}],"replies":[{"embeddable":true,"href":"https:\/\/krankenhauspfarramt.de\/index.php\/wp-json\/wp\/v2\/comments?post=3612"}],"version-history":[{"count":1,"href":"https:\/\/krankenhauspfarramt.de\/index.php\/wp-json\/wp\/v2\/posts\/3612\/revisions"}],"predecessor-version":[{"id":3614,"href":"https:\/\/krankenhauspfarramt.de\/index.php\/wp-json\/wp\/v2\/posts\/3612\/revisions\/3614"}],"wp:featuredmedia":[{"embeddable":true,"href":"https:\/\/krankenhauspfarramt.de\/index.php\/wp-json\/wp\/v2\/media\/3613"}],"wp:attachment":[{"href":"https:\/\/krankenhauspfarramt.de\/index.php\/wp-json\/wp\/v2\/media?parent=3612"}],"wp:term":[{"taxonomy":"category","embeddable":true,"href":"https:\/\/krankenhauspfarramt.de\/index.php\/wp-json\/wp\/v2\/categories?post=3612"},{"taxonomy":"post_tag","embeddable":true,"href":"https:\/\/krankenhauspfarramt.de\/index.php\/wp-json\/wp\/v2\/tags?post=3612"}],"curies":[{"name":"wp","href":"https:\/\/api.w.org\/{rel}","templated":true}]}}