{"id":3615,"date":"2021-09-03T13:10:08","date_gmt":"2021-09-03T13:10:08","guid":{"rendered":"https:\/\/krankenhauspfarramt.de\/index.php\/2021\/09\/03\/dank-an-seenotretterinnen-ekd\/"},"modified":"2021-09-03T13:10:10","modified_gmt":"2021-09-03T13:10:10","slug":"dank-an-seenotretterinnen-ekd","status":"publish","type":"post","link":"https:\/\/krankenhauspfarramt.de\/index.php\/2021\/09\/03\/dank-an-seenotretterinnen-ekd\/","title":{"rendered":"Dank an Seenotretter:innen \u2013 EKD"},"content":{"rendered":"<p> <br \/>\n<\/p>\n<div id=\"\">\n<div class=\"article--meta article--meta__border clearfix\">\n<p>                                    <time datetime=\"03.09.2021 06:30\" class=\"article--time\">03.09.2021<\/time><strong class=\"article--type primus--overline\">Pressemitteilung<\/strong><\/p>\n<picture class=\"article--source-image image\"><source srcset=\"https:\/\/ekd.de\/ekd_de\/ds_img\/assets\/20170622_ekd-Quellenlogo_141_rdax_423x118.png\"><!--<source srcset=\"\/ekd_de\/ds_img\/assets\/20170622_ekd-Quellenlogo_141_rdax_141x39.png 1x, \/ekd_de\/ds_img\/assets\/20170622_ekd-Quellenlogo_141_rdax_282x78.png 2x, https:\/\/ekd.de\/ekd_de\/ds_img\/assets\/20170622_ekd-Quellenlogo_141_rdax_423x118.png 3x\">--><\/source><\/picture>\n<\/p><\/div>\n<h2 class=\"article--sub-headline primus--sub-headline\">EKD-Ratsvorsitzender Bedford-Strohm predigt am Sonntag im ZDF-Fernsehgottesdienst aus Palermo <\/h2>\n<\/p><\/div>\n<div id=\"\">\n<p class=\"EKDAdressdaten\">\u201eJeder Mensch ist geschaffen zum Bilde Gottes. Deshalb k\u00f6nnen wir nicht zuschauen, wenn Menschen auf lebensgef\u00e4hrlichen Schlauchbooten zu ertrinken drohen.\u201c Diese deutliche Botschaft will der Vorsitzende des Rates der Evangelischen Kirche in Deutschland (EKD) am Sonntag (5.9.2021) in einem Fernsehgottesdienst aus Palermo unter dem Motto \u201eMut zur Menschlichkeit\u201c setzen. Mit dem Gottesdienst, den das ZDF ab 9.30 Uhr live aus der italienischen Stadt \u00fcbertr\u00e4gt, soll zugleich ein Dank an die zivilen Seenotretter:innen ausgesprochen werden, die nach der Einstellung der staatlichen Seenotrettung im Mittelmeer tausende Menschen aus lebensgef\u00e4hrlichen Situationen gerettet haben. \u201eMit ihrem mutigen Einsatz, nehmen die ehrenamtlichen Crews unter widrigsten Bedingungen eine Verantwortung wahr, die wir eigentlich alle gemeinsam haben\u201c, so Bedford-Strohm. \u201eNat\u00fcrlich m\u00fcssen zuallererst Fluchtursachen bek\u00e4mpft werden. Wie daf\u00fcr die besten L\u00f6sungen aussehen, kann man kontrovers diskutieren. Aber m\u00fcssten wir uns nicht darauf einigen k\u00f6nnen, dass auch bei unterschiedlichen Meinungen \u00fcber die Fl\u00fcchtlingspolitik das Retten von Menschenleben eine christliche Grundpflicht ist\u201c, so der EKD-Ratsvorsitzende im Vorfeld des Fernsehgottesdienstes.<\/p>\n<p class=\"EKDAdressdaten\">Neben Crewmitgliedern der \u201eSea-Watch4\u201c, die von Bord des im sizilianischen Trapani festgesetzten Rettungsschiffes zugeschaltet werden, wirken an dem Fernsehgottesdienst auch ein Geretteter sowie Palermos B\u00fcrgermeister Leoluca Orlando mit. Orlando und Bedford-Strohm hatten sich in der Vergangenheit immer wieder gemeinsam mit dem Aufruf an die Regierungen, Parlamente und die Kommission der Europ\u00e4ischen Union gewendet, beschlagnahmte oder festgehaltene Rettungsschiffe freizugeben. \u201eDie Kriminalisierung und Behinderung der zivilen Seenotrettung muss endlich beendet werden\u201c, so Orlando und Bedford-Strohm. \u201eSeenotrettung ist eine staatliche Aufgabe, die durch die europ\u00e4ischen Regierungen wahrgenommen werden muss\u201c, hei\u00dft es in einem gemeinsamen Appell, dem sich seit 2019 zahlreiche B\u00fcrgermeister:innen von St\u00e4dten und Gemeinden sowie Vertreterinnen und Vertreter von Kirchen und Zivilgesellschaft in ganz Europa angeschlossen haben. \u201e\u00dcberall in Europa gibt es St\u00e4dte, Kommunen, Menschen, die Gefl\u00fcchteten einen Ort geben wollen, an dem sie in W\u00fcrde leben k\u00f6nnen. Auch das m\u00f6chten wir mit dem Gottesdienst sichtbar machen\u201c, so Bedford-Strohm.<\/p>\n<p class=\"EKDAdressdaten\">Im Anschluss an den Gottesdienst wird der EKD-Ratsvorsitzende die Crew der \u201eSea-Watch4\u201c in Trapani besuchen und sich mit ihr \u00fcber die aktuelle Situation der Seenotrettung im Mittelmeer austauschen. Das Schiff wurde im vergangenen Jahr mit Spendenmitteln des breiten gesellschaftlichen B\u00fcndnisses \u201eUnited4Rescue\u201c erworben, das die evangelische Kirche im Dezember 2019 mitgegr\u00fcndet hatte. Seitdem hat die \u201eSea-Watch4\u201c auf dem Mittelmeer mehr als 700 Menschen aus lebensbedrohlichen Situationen gerettet. Die ebenfalls vom B\u00fcndnis United4Rescue finanzierte \u201eSea-Eye4\u201c befindet sich aktuell auf einer Rettungsmission und hat am Mittwoch dieser Woche 29 Menschen gerettet. Darunter waren vier Babys.<\/p>\n<p class=\"EKDAdressdaten\">Hannover\/Palermo, 3. September 2021<\/p>\n<p class=\"EKDAdressdaten\">Pressestelle der EKD<br \/>Carsten Splitt<\/p>\n<p class=\"EKDAdressdaten\">\u00a0<\/p>\n<p class=\"EKDAdressdaten\"><strong><em>Hinweis f\u00fcr die Redaktionen:<\/em><\/strong><\/p>\n<p>Infos zum Fernsehgottesdienst unter https:\/\/rundfunk.evangelisch.de\/kirche-im-tv\/zdf-gottesdienst\/gottesdienst-zdf-5-september-2021-palermo-11450.<\/p>\n<p>Fotos und O-T\u00f6ne vom Besuch des EKD-Ratsvorsitzenden an Bord der \u201eSea-Watch4\u201c in Trapani k\u00f6nnen auf Wunsch zur Verf\u00fcgung gestellt werden. Kontakt vor Ort \u00fcber Carsten Splitt +49 151 12 13 42 83.<\/p>\n<p class=\"EKDAdressdaten\">Weitere Infos zur Seenotrettung unter: www.ekd.de\/seenotrettung.<\/p>\n<\/div>\n","protected":false},"excerpt":{"rendered":"<p>03.09.2021Pressemitteilung EKD-Ratsvorsitzender Bedford-Strohm predigt am Sonntag im ZDF-Fernsehgottesdienst aus Palermo \u201eJeder Mensch ist geschaffen zum Bilde Gottes. Deshalb k\u00f6nnen wir<\/p>\n","protected":false},"author":1,"featured_media":3616,"comment_status":"closed","ping_status":"closed","sticky":false,"template":"","format":"standard","meta":{"footnotes":""},"categories":[20],"tags":[],"_links":{"self":[{"href":"https:\/\/krankenhauspfarramt.de\/index.php\/wp-json\/wp\/v2\/posts\/3615"}],"collection":[{"href":"https:\/\/krankenhauspfarramt.de\/index.php\/wp-json\/wp\/v2\/posts"}],"about":[{"href":"https:\/\/krankenhauspfarramt.de\/index.php\/wp-json\/wp\/v2\/types\/post"}],"author":[{"embeddable":true,"href":"https:\/\/krankenhauspfarramt.de\/index.php\/wp-json\/wp\/v2\/users\/1"}],"replies":[{"embeddable":true,"href":"https:\/\/krankenhauspfarramt.de\/index.php\/wp-json\/wp\/v2\/comments?post=3615"}],"version-history":[{"count":1,"href":"https:\/\/krankenhauspfarramt.de\/index.php\/wp-json\/wp\/v2\/posts\/3615\/revisions"}],"predecessor-version":[{"id":3617,"href":"https:\/\/krankenhauspfarramt.de\/index.php\/wp-json\/wp\/v2\/posts\/3615\/revisions\/3617"}],"wp:featuredmedia":[{"embeddable":true,"href":"https:\/\/krankenhauspfarramt.de\/index.php\/wp-json\/wp\/v2\/media\/3616"}],"wp:attachment":[{"href":"https:\/\/krankenhauspfarramt.de\/index.php\/wp-json\/wp\/v2\/media?parent=3615"}],"wp:term":[{"taxonomy":"category","embeddable":true,"href":"https:\/\/krankenhauspfarramt.de\/index.php\/wp-json\/wp\/v2\/categories?post=3615"},{"taxonomy":"post_tag","embeddable":true,"href":"https:\/\/krankenhauspfarramt.de\/index.php\/wp-json\/wp\/v2\/tags?post=3615"}],"curies":[{"name":"wp","href":"https:\/\/api.w.org\/{rel}","templated":true}]}}