{"id":3656,"date":"2021-09-09T11:35:06","date_gmt":"2021-09-09T11:35:06","guid":{"rendered":"https:\/\/krankenhauspfarramt.de\/index.php\/2021\/09\/09\/kompendium-orgelmusik-in-zeiten-von-corona-veroeffentlicht-ekd\/"},"modified":"2021-09-09T11:35:09","modified_gmt":"2021-09-09T11:35:09","slug":"kompendium-orgelmusik-in-zeiten-von-corona-veroeffentlicht-ekd","status":"publish","type":"post","link":"https:\/\/krankenhauspfarramt.de\/index.php\/2021\/09\/09\/kompendium-orgelmusik-in-zeiten-von-corona-veroeffentlicht-ekd\/","title":{"rendered":"Kompendium \u201eOrgelmusik in Zeiten von Corona\u201c ver\u00f6ffentlicht \u2013 EKD"},"content":{"rendered":"<p> <br \/>\n<\/p>\n<div id=\"\">\n<div class=\"article--meta article--meta__border clearfix\">\n<p>                                    <time datetime=\"09.09.2021 09:45\" class=\"article--time\">09.09.2021<\/time><strong class=\"article--type primus--overline\">Pressemitteilung<\/strong><\/p>\n<picture class=\"article--source-image image\"><source srcset=\"https:\/\/ekd.de\/ekd_de\/ds_img\/assets\/20170622_ekd-Quellenlogo_141_rdax_423x118.png\"><!--<source srcset=\"\/ekd_de\/ds_img\/assets\/20170622_ekd-Quellenlogo_141_rdax_141x39.png 1x, \/ekd_de\/ds_img\/assets\/20170622_ekd-Quellenlogo_141_rdax_282x78.png 2x, https:\/\/ekd.de\/ekd_de\/ds_img\/assets\/20170622_ekd-Quellenlogo_141_rdax_423x118.png 3x\">--><\/source><\/picture>\n<\/p><\/div><\/div>\n<div id=\"\">\n<p>Der Deutsche Musikrat, die Deutsche Bischofskonferenz (DBK) und die Evangelische Kirche in Deutschland (EKD) ver\u00f6ffentlichen heute gemeinsam das Kompendium \u201eOrgelmusik in Zeiten von Corona\u201c. Es enth\u00e4lt 17 Neukompositionen, die im Rahmen des Projekts \u201eOrgelmusik in Zeiten von Corona\u201c entstanden sind. Die Werke f\u00fcr Orgel wurden im Fr\u00fchling 2021 komponiert und bieten \u2012 als k\u00fcnstlerische Reflexionen der Corona-Zeit \u2013 ein vielf\u00e4ltiges Panorama an Stimmungsbildern und Assoziationen. Ziel des Projekts ist es, das Musikleben nach der Krise wieder aktiv zu bef\u00f6rdern und die Zuh\u00f6renden zu einer Auseinandersetzung mit den Pandemie-Erfahrungen anzuregen. Deshalb sollen die St\u00fccke im Herbst 2021 bundesweit in Gottesdiensten und Konzerten erklingen.<\/p>\n<p>Martin Maria Kr\u00fcger, Pr\u00e4sident des Deutschen Musikrates, erkl\u00e4rt: \u201eDas Kompendium \u201aOrgelmusik in Zeiten von Corona\u2018 ist Nahrung f\u00fcr Herz und Verstand. Mit Freude pr\u00e4sentiert der Deutsche Musikrat die 17 k\u00fcnstlerischen Unikate f\u00fcr Orgel, die heute publiziert wurden und nun ihren Weg in die Konzerth\u00e4user und Kirchen dieses Landes finden werden. Selten in der Geschichte wurde eine Krise so schnell und unmittelbar zum Ausgangspunkt einer kreativen Reflexion, wie es im Projekt \u201aOrgelmusik in Zeiten von Corona\u2018 der Fall ist. So verm\u00f6gen die Kompositionen, auch oder gerade weil das Leben aktuell noch immer durch Corona belastet ist, Trost zu spenden, Hoffnung zu wecken und Denkimpulse zu geben. Wir danken der Bundesbeauftragen f\u00fcr Kultur und Medien f\u00fcr die Unterst\u00fctzung und den beiden Kirchen f\u00fcr die gelungene Zusammenarbeit bei diesem k\u00fcnstlerisch spannenden, \u00fcberkonfessionellen Projekt, das die Sph\u00e4ren von Kirche und Konzerthaus, Tradition und Avantgarde, Krise und Bew\u00e4ltigung in fruchtbare Beziehungen miteinander setzt.\u201c<\/p>\n<p>Der Ratsvorsitzende der EKD, Landesbischof Heinrich Bedford-Strohm, und der Vorsitzende der Deutschen Bischofskonferenz, Bischof Georg B\u00e4tzing, betonen anl\u00e4sslich der Ver\u00f6ffentlichung: \u201eDie Musik soll einerseits an das Geschehene erinnern. Sie kann beim H\u00f6ren helfen, manches Erlebte noch einmal nachzusp\u00fcren. Sie tr\u00f6stet wie nur Musik es kann, aber sie kann genauso Freude wecken, dass Musikgenuss wieder gemeinsam m\u00f6glich ist. M\u00f6ge diese Musik an vielen Orten erklingen und damit Menschen verbinden, die sie zu gleicher Zeit an verschiedenen Orten h\u00f6ren. Sie m\u00f6ge ein Zeichen des gemeinsamen Erinnerns setzen und uns zugleich hoffnungsvoll in die Zukunft schauen lassen.\u201c<\/p>\n<p>Die im Carus-Verlag erschienene Publikation \u201eOrgelmusik in Zeiten von Corona\u201c wird vom Deutschen Musikrat unter Mitarbeit von Richard Mail\u00e4nder und LKMD Kord Michaelis herausgegeben. Sie ist als Print- und Onlinepublikation hier erh\u00e4ltlich. Organistinnen und Organisten sowie Veranstalterinnen und Veranstalter, die im Rahmen des Projekts eine Auff\u00fchrung von Werken aus dem Band planen, erhalten den Sammelband kostenfrei nach einer Registrierung auf der Projektwebsite. Mehr Informationen zum Projekt und den 17 Kompositionen gibt es auf www.orgel-corona.de.<\/p>\n<p>Hannover, 9. September 2021<\/p>\n<p>Pressestelle der EKD<br \/>Carsten Splitt<\/p>\n<\/div>\n","protected":false},"excerpt":{"rendered":"<p>09.09.2021Pressemitteilung Der Deutsche Musikrat, die Deutsche Bischofskonferenz (DBK) und die Evangelische Kirche in Deutschland (EKD) ver\u00f6ffentlichen heute gemeinsam das Kompendium<\/p>\n","protected":false},"author":1,"featured_media":3657,"comment_status":"closed","ping_status":"closed","sticky":false,"template":"","format":"standard","meta":{"footnotes":""},"categories":[20],"tags":[],"_links":{"self":[{"href":"https:\/\/krankenhauspfarramt.de\/index.php\/wp-json\/wp\/v2\/posts\/3656"}],"collection":[{"href":"https:\/\/krankenhauspfarramt.de\/index.php\/wp-json\/wp\/v2\/posts"}],"about":[{"href":"https:\/\/krankenhauspfarramt.de\/index.php\/wp-json\/wp\/v2\/types\/post"}],"author":[{"embeddable":true,"href":"https:\/\/krankenhauspfarramt.de\/index.php\/wp-json\/wp\/v2\/users\/1"}],"replies":[{"embeddable":true,"href":"https:\/\/krankenhauspfarramt.de\/index.php\/wp-json\/wp\/v2\/comments?post=3656"}],"version-history":[{"count":1,"href":"https:\/\/krankenhauspfarramt.de\/index.php\/wp-json\/wp\/v2\/posts\/3656\/revisions"}],"predecessor-version":[{"id":3658,"href":"https:\/\/krankenhauspfarramt.de\/index.php\/wp-json\/wp\/v2\/posts\/3656\/revisions\/3658"}],"wp:featuredmedia":[{"embeddable":true,"href":"https:\/\/krankenhauspfarramt.de\/index.php\/wp-json\/wp\/v2\/media\/3657"}],"wp:attachment":[{"href":"https:\/\/krankenhauspfarramt.de\/index.php\/wp-json\/wp\/v2\/media?parent=3656"}],"wp:term":[{"taxonomy":"category","embeddable":true,"href":"https:\/\/krankenhauspfarramt.de\/index.php\/wp-json\/wp\/v2\/categories?post=3656"},{"taxonomy":"post_tag","embeddable":true,"href":"https:\/\/krankenhauspfarramt.de\/index.php\/wp-json\/wp\/v2\/tags?post=3656"}],"curies":[{"name":"wp","href":"https:\/\/api.w.org\/{rel}","templated":true}]}}