{"id":3662,"date":"2021-09-10T12:00:36","date_gmt":"2021-09-10T12:00:36","guid":{"rendered":"https:\/\/krankenhauspfarramt.de\/index.php\/2021\/09\/10\/vorrang-muessen-immer-zivile-mittel-der-konfliktloesung-haben-ekd\/"},"modified":"2021-09-10T12:00:38","modified_gmt":"2021-09-10T12:00:38","slug":"vorrang-muessen-immer-zivile-mittel-der-konfliktloesung-haben-ekd","status":"publish","type":"post","link":"https:\/\/krankenhauspfarramt.de\/index.php\/2021\/09\/10\/vorrang-muessen-immer-zivile-mittel-der-konfliktloesung-haben-ekd\/","title":{"rendered":"\u201eVorrang m\u00fcssen immer zivile Mittel der Konfliktl\u00f6sung haben\u201c \u2013 EKD"},"content":{"rendered":"<p> <br \/>\n<\/p>\n<div id=\"\">\n<div class=\"article--meta article--meta__border clearfix\">\n<p>                                    <time datetime=\"10.09.2021 10:00\" class=\"article--time\">10.09.2021<\/time><strong class=\"article--type primus--overline\">Pressemitteilung<\/strong><\/p>\n<picture class=\"article--source-image image\"><source srcset=\"https:\/\/ekd.de\/ekd_de\/ds_img\/assets\/20170622_ekd-Quellenlogo_141_rdax_423x118.png\"><!--<source srcset=\"\/ekd_de\/ds_img\/assets\/20170622_ekd-Quellenlogo_141_rdax_141x39.png 1x, \/ekd_de\/ds_img\/assets\/20170622_ekd-Quellenlogo_141_rdax_282x78.png 2x, https:\/\/ekd.de\/ekd_de\/ds_img\/assets\/20170622_ekd-Quellenlogo_141_rdax_423x118.png 3x\">--><\/source><\/picture>\n<\/p><\/div>\n<h2 class=\"article--sub-headline primus--sub-headline\">EKD-Ratsvorsitzender erinnert an den Terroranschlag am 11.09.2001 auf das World Trade Center<\/h2>\n<\/p><\/div>\n<div id=\"\">\n<p>Vor 20 Jahren, am 11. September 2001, steuerten islamistische Terroristen zwei entf\u00fchrte Passagiermaschinen in die Zwillingst\u00fcrme des \u201eWorld Trade Center \u201c in New York City und brachten diese zum Einsturz. Ein drittes Flugzeug schlug in das US-Verteidigungsministerium ein, eine vierte Maschine st\u00fcrzte im Bundesstaat Pennsylvania ab. Beinahe 3.000 Menschen starben. In einem heute auf Facebook ver\u00f6ffentlichten Video erinnert der Ratsvorsitzende der Evangelischen Kirche in Deutschland (EKD), Landesbischof Heinrich Bedford-Strohm, an den verheerenden Anschlag:<\/p>\n<p>\u201eSuche Frieden und jage ihm nach! \u2012 An dieses Wort aus Psalm 34,15 muss ich heute besonders denken. Vor zwei Jahren hat es uns als Jahreslosung begleitet. Und jetzt hat es nochmals besondere Aktualit\u00e4t gewonnen. Morgen ist der 11. September. Vor genau 20 Jahren wurden die Flugzeuge von Terroristen in die T\u00fcrme des World Trade Center in New York gesteuert. Unendlich viel Leid wurde dadurch angerichtet. Es wirkt bis heute. Die Antwort war der Krieg in Afghanistan. Billionen Dollar wurden f\u00fcr Krieg ausgegeben, die so dringend f\u00fcr Entwicklungshilfe gebraucht worden w\u00e4ren. Viele weitere Todesopfer waren zu beklagen. Und am Ende konnten die damit verbundenen Ziele trotzdem nicht erreicht werden. Stattdessen hat der \u00fcberst\u00fcrzte Abzug der Soldaten viele verzweifelte Menschen zur\u00fcckgelassen. F\u00fcr mich ist die klare Lehre daraus: Noch immer trauen wir milit\u00e4rischen Mitteln viel zu viel zu. Besonders wenn sie an die Stelle eines wirklich sensiblen Verst\u00e4ndnisses der einheimischen Kultur treten. Es kann Extremsituationen geben, in denen man wehrlose Menschen nur mit Waffengewalt sch\u00fctzen kann. Aber den Vorrang m\u00fcssen immer zivile Mittel der Konfliktl\u00f6sung haben. Sie brauchen die Verwurzelung in der einheimischen Bev\u00f6lkerung. Jetzt ist die Zeit, \u00fcber die massive und nachhaltige St\u00e4rkung solcher ziviler Mittel in unseren Strategien der Konfliktl\u00f6sung noch einmal ganz neu nachzudenken. Nicht mit besserwisserischer Attit\u00fcde, sondern im Geist von Psalm 34,15: Suche Frieden und jage ihm nach!\u201c<\/p>\n<p><em>Hinweis an die Redaktionen:<\/em> Das Video ist abrufbar unter https:\/\/www.youtube.com\/watch?v=yahO43FS4eQ.<\/p>\n<p>Hannover, 10.September 2021<\/p>\n<p>Pressestelle der EKD<br \/>Annika Lukas<\/p>\n<\/div>\n","protected":false},"excerpt":{"rendered":"<p>10.09.2021Pressemitteilung EKD-Ratsvorsitzender erinnert an den Terroranschlag am 11.09.2001 auf das World Trade Center Vor 20 Jahren, am 11. September 2001,<\/p>\n","protected":false},"author":1,"featured_media":3663,"comment_status":"closed","ping_status":"closed","sticky":false,"template":"","format":"standard","meta":{"footnotes":""},"categories":[20],"tags":[],"_links":{"self":[{"href":"https:\/\/krankenhauspfarramt.de\/index.php\/wp-json\/wp\/v2\/posts\/3662"}],"collection":[{"href":"https:\/\/krankenhauspfarramt.de\/index.php\/wp-json\/wp\/v2\/posts"}],"about":[{"href":"https:\/\/krankenhauspfarramt.de\/index.php\/wp-json\/wp\/v2\/types\/post"}],"author":[{"embeddable":true,"href":"https:\/\/krankenhauspfarramt.de\/index.php\/wp-json\/wp\/v2\/users\/1"}],"replies":[{"embeddable":true,"href":"https:\/\/krankenhauspfarramt.de\/index.php\/wp-json\/wp\/v2\/comments?post=3662"}],"version-history":[{"count":1,"href":"https:\/\/krankenhauspfarramt.de\/index.php\/wp-json\/wp\/v2\/posts\/3662\/revisions"}],"predecessor-version":[{"id":3664,"href":"https:\/\/krankenhauspfarramt.de\/index.php\/wp-json\/wp\/v2\/posts\/3662\/revisions\/3664"}],"wp:featuredmedia":[{"embeddable":true,"href":"https:\/\/krankenhauspfarramt.de\/index.php\/wp-json\/wp\/v2\/media\/3663"}],"wp:attachment":[{"href":"https:\/\/krankenhauspfarramt.de\/index.php\/wp-json\/wp\/v2\/media?parent=3662"}],"wp:term":[{"taxonomy":"category","embeddable":true,"href":"https:\/\/krankenhauspfarramt.de\/index.php\/wp-json\/wp\/v2\/categories?post=3662"},{"taxonomy":"post_tag","embeddable":true,"href":"https:\/\/krankenhauspfarramt.de\/index.php\/wp-json\/wp\/v2\/tags?post=3662"}],"curies":[{"name":"wp","href":"https:\/\/api.w.org\/{rel}","templated":true}]}}