{"id":3665,"date":"2021-09-13T11:12:08","date_gmt":"2021-09-13T11:12:08","guid":{"rendered":"https:\/\/krankenhauspfarramt.de\/index.php\/2021\/09\/13\/steffen-kern-als-neuer-gnadauer-praeses-eingefuehrt-ekd\/"},"modified":"2021-09-13T11:12:11","modified_gmt":"2021-09-13T11:12:11","slug":"steffen-kern-als-neuer-gnadauer-praeses-eingefuehrt-ekd","status":"publish","type":"post","link":"https:\/\/krankenhauspfarramt.de\/index.php\/2021\/09\/13\/steffen-kern-als-neuer-gnadauer-praeses-eingefuehrt-ekd\/","title":{"rendered":"Steffen Kern als neuer Gnadauer Pr\u00e4ses eingef\u00fchrt \u2013 EKD"},"content":{"rendered":"<p> <br \/>\n<\/p>\n<div>\n<p>Kern ist Pfarrer der Evangelischen Landeskirche in W\u00fcrttemberg. Als Buchautor und Redner, etwa bei der Evangelisation \u201eproChrist\u201c, ist er auch \u00fcber W\u00fcrttemberg hinaus bekannt. Der Vorsitzende des Rates der Evangelischen Kirche in Deutschland (EKD), Heinrich Bedford-Strohm, w\u00fcrdigte Kern bei dem Gottesdienst als eine der \u201ef\u00fchrenden Stimmen im Pietismus\u201c.<\/p>\n<p>Der Evangelische Gnadauer Gemeinschaftsverband versteht sich als freies Werk innerhalb der evangelischen Kirche. Mit etwa 90 Mitgliedswerken, Verb\u00e4nden und theologischen Ausbildungsst\u00e4tten ist er nach eigenen Angaben die gr\u00f6\u00dfte eigenst\u00e4ndige Bewegung innerhalb der EKD. Seine Urspr\u00fcnge reichen bis in das Jahr 1888 zur\u00fcck.<\/p>\n<p>Der Pietismus gilt als wichtigste protestantische Fr\u00f6mmigkeitsbewegung (lat. pius: \u201efromm\u201c) nach der Reformation. Er zeichnet sich unter anderem durch eine streng an der Bibel orientierte Lehre, eine Zentrierung des eigenen Lebens auf Jesus Christus und eine Priorit\u00e4t der Mission aus. Heute ist er Teil der modernen evangelikalen Bewegung.<\/p>\n<\/p><\/div>\n","protected":false},"excerpt":{"rendered":"<p>Kern ist Pfarrer der Evangelischen Landeskirche in W\u00fcrttemberg. Als Buchautor und Redner, etwa bei der Evangelisation \u201eproChrist\u201c, ist er auch<\/p>\n","protected":false},"author":1,"featured_media":2506,"comment_status":"closed","ping_status":"closed","sticky":false,"template":"","format":"standard","meta":{"footnotes":""},"categories":[20],"tags":[],"_links":{"self":[{"href":"https:\/\/krankenhauspfarramt.de\/index.php\/wp-json\/wp\/v2\/posts\/3665"}],"collection":[{"href":"https:\/\/krankenhauspfarramt.de\/index.php\/wp-json\/wp\/v2\/posts"}],"about":[{"href":"https:\/\/krankenhauspfarramt.de\/index.php\/wp-json\/wp\/v2\/types\/post"}],"author":[{"embeddable":true,"href":"https:\/\/krankenhauspfarramt.de\/index.php\/wp-json\/wp\/v2\/users\/1"}],"replies":[{"embeddable":true,"href":"https:\/\/krankenhauspfarramt.de\/index.php\/wp-json\/wp\/v2\/comments?post=3665"}],"version-history":[{"count":1,"href":"https:\/\/krankenhauspfarramt.de\/index.php\/wp-json\/wp\/v2\/posts\/3665\/revisions"}],"predecessor-version":[{"id":3666,"href":"https:\/\/krankenhauspfarramt.de\/index.php\/wp-json\/wp\/v2\/posts\/3665\/revisions\/3666"}],"wp:featuredmedia":[{"embeddable":true,"href":"https:\/\/krankenhauspfarramt.de\/index.php\/wp-json\/wp\/v2\/media\/2506"}],"wp:attachment":[{"href":"https:\/\/krankenhauspfarramt.de\/index.php\/wp-json\/wp\/v2\/media?parent=3665"}],"wp:term":[{"taxonomy":"category","embeddable":true,"href":"https:\/\/krankenhauspfarramt.de\/index.php\/wp-json\/wp\/v2\/categories?post=3665"},{"taxonomy":"post_tag","embeddable":true,"href":"https:\/\/krankenhauspfarramt.de\/index.php\/wp-json\/wp\/v2\/tags?post=3665"}],"curies":[{"name":"wp","href":"https:\/\/api.w.org\/{rel}","templated":true}]}}