{"id":3669,"date":"2021-09-13T15:15:19","date_gmt":"2021-09-13T15:15:19","guid":{"rendered":"https:\/\/krankenhauspfarramt.de\/index.php\/2021\/09\/13\/bischoefin-fehrs-feiert-60-geburtstag-im-michel-ekd\/"},"modified":"2021-09-13T15:15:22","modified_gmt":"2021-09-13T15:15:22","slug":"bischoefin-fehrs-feiert-60-geburtstag-im-michel-ekd","status":"publish","type":"post","link":"https:\/\/krankenhauspfarramt.de\/index.php\/2021\/09\/13\/bischoefin-fehrs-feiert-60-geburtstag-im-michel-ekd\/","title":{"rendered":"Bisch\u00f6fin Fehrs feiert 60. Geburtstag im Michel \u2013 EKD"},"content":{"rendered":"<p> <br \/>\n<\/p>\n<div>\n<p>Tschentscher sagte, Fehrs mache in ihrem Amt deutlich, dass die christliche Botschaft weit \u00fcber das Leben in den Gemeinden und der Kirche hinausreiche. Sie stehe im Dialog mit Politik, Wirtschaft, Gewerkschaften und gesellschaftlichen Bewegungen wie \u201eFridays for Future\u201c. Der Schleswiger Bischof Gothart Magaard lobte Fehrs als \u201eeine begnadete Netzwerkerin, eine Menschenfischerin und ein Kommunikationsgenie\u201c.<\/p>\n<p>Bedford-Strohm w\u00fcrdigte die Jubilarin mit sehr pers\u00f6nlichen Worten. \u201eDu bist ganz Mensch. Nicht eine Kirchenf\u00fcrstin assoziiert man mit Kirsten Fehrs, sondern die Pastorin und Schwester.\u201c Das tue der Kirche gut. Der Leitende Bischof der Vereinigten Evangelisch-Lutherischen Kirche Deutschlands, Ralf Meister, schrieb in einem Gratulationsbrief, Seelsorge sei f\u00fcr Fehrs die Muttersprache der Kirche. Mit ihrer Zugewandtheit und ihren klaren Positionen st\u00e4rke sie den Vertrauensraum Kirche und die Dialogf\u00e4higkeit auf allen Ebenen der Gesellschaft.<\/p>\n<p>Fehrs ist seit 2011 Bisch\u00f6fin im Sprengel Hamburg und L\u00fcbeck der Evangelisch-Lutherischen Kirche in Norddeutschland und Mitglied der Bischofskonferenz der VELKD. Seit 2015 geh\u00f6rt sie dem Rat der Evangelischen Kirche in Deutschland (EKD) an.<\/p>\n<\/p><\/div>\n","protected":false},"excerpt":{"rendered":"<p>Tschentscher sagte, Fehrs mache in ihrem Amt deutlich, dass die christliche Botschaft weit \u00fcber das Leben in den Gemeinden und<\/p>\n","protected":false},"author":1,"featured_media":3670,"comment_status":"closed","ping_status":"closed","sticky":false,"template":"","format":"standard","meta":{"footnotes":""},"categories":[20],"tags":[],"_links":{"self":[{"href":"https:\/\/krankenhauspfarramt.de\/index.php\/wp-json\/wp\/v2\/posts\/3669"}],"collection":[{"href":"https:\/\/krankenhauspfarramt.de\/index.php\/wp-json\/wp\/v2\/posts"}],"about":[{"href":"https:\/\/krankenhauspfarramt.de\/index.php\/wp-json\/wp\/v2\/types\/post"}],"author":[{"embeddable":true,"href":"https:\/\/krankenhauspfarramt.de\/index.php\/wp-json\/wp\/v2\/users\/1"}],"replies":[{"embeddable":true,"href":"https:\/\/krankenhauspfarramt.de\/index.php\/wp-json\/wp\/v2\/comments?post=3669"}],"version-history":[{"count":1,"href":"https:\/\/krankenhauspfarramt.de\/index.php\/wp-json\/wp\/v2\/posts\/3669\/revisions"}],"predecessor-version":[{"id":3671,"href":"https:\/\/krankenhauspfarramt.de\/index.php\/wp-json\/wp\/v2\/posts\/3669\/revisions\/3671"}],"wp:featuredmedia":[{"embeddable":true,"href":"https:\/\/krankenhauspfarramt.de\/index.php\/wp-json\/wp\/v2\/media\/3670"}],"wp:attachment":[{"href":"https:\/\/krankenhauspfarramt.de\/index.php\/wp-json\/wp\/v2\/media?parent=3669"}],"wp:term":[{"taxonomy":"category","embeddable":true,"href":"https:\/\/krankenhauspfarramt.de\/index.php\/wp-json\/wp\/v2\/categories?post=3669"},{"taxonomy":"post_tag","embeddable":true,"href":"https:\/\/krankenhauspfarramt.de\/index.php\/wp-json\/wp\/v2\/tags?post=3669"}],"curies":[{"name":"wp","href":"https:\/\/api.w.org\/{rel}","templated":true}]}}