{"id":3674,"date":"2021-09-13T19:17:22","date_gmt":"2021-09-13T19:17:22","guid":{"rendered":"https:\/\/krankenhauspfarramt.de\/index.php\/2021\/09\/13\/digitale-kluft-gefaehrdet-demokratie-ekd\/"},"modified":"2021-09-13T19:17:24","modified_gmt":"2021-09-13T19:17:24","slug":"digitale-kluft-gefaehrdet-demokratie-ekd","status":"publish","type":"post","link":"https:\/\/krankenhauspfarramt.de\/index.php\/2021\/09\/13\/digitale-kluft-gefaehrdet-demokratie-ekd\/","title":{"rendered":"Digitale Kluft gef\u00e4hrdet Demokratie \u2013 EKD"},"content":{"rendered":"<p> <br \/>\n<\/p>\n<div id=\"\">\n<p>Genf (epd). Der Ratsvorsitzende der Evangelischen Kirche in Deutschland (EKD), Heinrich Bedford-Strohm, hat vor einer zunehmenden globalen Spaltung beim Zugang zu digitalen Medien gewarnt. Es gebe nicht nur eine Kluft zwischen Industrienationen und den L\u00e4ndern des S\u00fcdens beim Zugang zu Informationen, sagte Bedford-Strohm am Montag in Genf auf einem vom \u00d6kumenischen Rat der Kirchen (\u00d6RK) ausgerichteten Symposium \u00fcber soziale Gerechtigkeit im digitalen Zeitalter. Die Corona-Pandemie habe gezeigt, dass auch in reichen L\u00e4ndern wie Deutschland vor allem Kinder in armen Familien einen erschwerten Zugang zu digitalem Wissen h\u00e4tten. Das gef\u00e4hrde die Demokratie und den Zusammenhalt der Gesellschaft.<\/p>\n<p>Bedford-Strohm kritisierte zudem den zunehmenden Einfluss der gro\u00dfen digitalen Konzerne auf die Meinungsbildung und das Verhalten der Menschen. So seien die Algorithmen bei Suchanfragen oft auf Profitmaximierung programmiert, auf die Vorlieben der Menschen, nicht auf neutrale Wissensvermittlung. Der EKD-Ratsvorsitzende hinterfragte in diesem Zusammenhang die Monopolstellung der gro\u00dfen Internet-Plattformen wie Google, Facebook und Youtube, vor allem bei der Sammlung von Anwender-Daten und deren Nutzung zur Gewinnmaximierung.<\/p>\n<\/div>\n<div id=\"\"><!-- SRC:  --><\/p>\n<aside class=\"article--aside quintus teaser teaser__related rs_skip rs_preserve\">\n<div class=\"teaser--article teaser--content\">\n<figure class=\"teaser--image\"><picture><source media=\"(max-width:935px)\" srcset=\"https:\/\/ekd.de\/ekd_de\/ds_img\/assets_1875_x\/20180322_Thinkstock_thanasus_smartphone_1875_rdax_625x352_60.jpg 1x, https:\/\/ekd.de\/ekd_de\/ds_img\/assets_1875_x\/20180322_Thinkstock_thanasus_smartphone_1875_rdax_1250x704_60.jpg 2x, https:\/\/ekd.de\/ekd_de\/ds_img\/assets_1875_x\/20180322_Thinkstock_thanasus_smartphone_1875_rdax_60.jpg 3x\"><source media=\"(min-width:934px)\" srcset=\"https:\/\/ekd.de\/ekd_de\/ds_img\/assets_1875_x\/20180322_Thinkstock_thanasus_smartphone_1875_rdax_360x203_70.jpg 1x, https:\/\/ekd.de\/ekd_de\/ds_img\/assets_1875_x\/20180322_Thinkstock_thanasus_smartphone_1875_rdax_720x406_70.jpg 2x, https:\/\/ekd.de\/ekd_de\/ds_img\/assets_1875_x\/20180322_Thinkstock_thanasus_smartphone_1875_rdax_1080x608_70.jpg 3x\"><\/source><\/source><\/picture><figcaption\/><\/figure>\n<p class=\"quintus--text teaser--text\">Die Digitalisierung ist eine Daueraufgabe f\u00fcr die Evangelische Kirche \u2013 in allen Bereichen und auf vielen Ebenen. Die Stabsstelle Digitalisierung vernetzt und f\u00f6rdert Digitalisierung in den Gliedkirchen, sie greift Impulse von Ehrenamtlichen, Gemeinden und Institutionen auf und gibt eigene Impulse. Hier finden Sie Themen und Reflexionen zum Mega-Trend Digitalisierung!<\/p>\n<\/p><\/div>\n<\/aside>\n<div class=\"article--content\">\n<p style=\"margin-left:0cm; margin-right:0cm\">Die digitale Teilnahme h\u00e4nge zu sehr ab vom Einkommen, vom geografischen Standort, der ethnischen Zugeh\u00f6rigkeit sowie von Bildungsstand, Geschlecht und Alter. In vielen Teilen der Welt sei der Zugang zum Internet ein Luxus-Gut, sagte Bedford-Strohm: \u201eWer hat das Geld, um sich ein Smartphone oder Laptop zu kaufen? Wer kann die Internet-Geb\u00fchr bezahlen?\u201c W\u00e4hrend zum Beispiel in Deutschland der gr\u00f6\u00dfte Teil der Bev\u00f6lkerung Zugang zum Internet habe, seien es in Eritrea zum Beispiel nur 1,2 Prozent.<\/p>\n<p>Das dreit\u00e4gige internationale Symposium \u201eCommunication for Social Justice in a Digital Age\u201c wird vom \u00d6RK und vom Weltverband f\u00fcr christliche Kommunikation (World Association for Christian Communication) ausgerichtet. Die Teilnehmer diskutieren den Einfluss der digitalen Transformation auf die Gesellschaft. Mitveranstalter sind neben der EKD unter anderen das evangelische Hilfswerk \u201eBrot f\u00fcr die Welt\u201c, die Evangelische Mission Weltweit (EMW) und die europ\u00e4ische Sektion des Weltverbandes christlicher Studenten. Die Konferenz dient auch zur Vorbereitung der 11. Vollversammlung des Weltkirchenrates im kommenden Jahr in Karlsruhe.<\/p>\n<\/p><\/div>\n<\/div>\n","protected":false},"excerpt":{"rendered":"<p>Genf (epd). Der Ratsvorsitzende der Evangelischen Kirche in Deutschland (EKD), Heinrich Bedford-Strohm, hat vor einer zunehmenden globalen Spaltung beim Zugang<\/p>\n","protected":false},"author":1,"featured_media":3675,"comment_status":"closed","ping_status":"closed","sticky":false,"template":"","format":"standard","meta":{"footnotes":""},"categories":[20],"tags":[],"_links":{"self":[{"href":"https:\/\/krankenhauspfarramt.de\/index.php\/wp-json\/wp\/v2\/posts\/3674"}],"collection":[{"href":"https:\/\/krankenhauspfarramt.de\/index.php\/wp-json\/wp\/v2\/posts"}],"about":[{"href":"https:\/\/krankenhauspfarramt.de\/index.php\/wp-json\/wp\/v2\/types\/post"}],"author":[{"embeddable":true,"href":"https:\/\/krankenhauspfarramt.de\/index.php\/wp-json\/wp\/v2\/users\/1"}],"replies":[{"embeddable":true,"href":"https:\/\/krankenhauspfarramt.de\/index.php\/wp-json\/wp\/v2\/comments?post=3674"}],"version-history":[{"count":1,"href":"https:\/\/krankenhauspfarramt.de\/index.php\/wp-json\/wp\/v2\/posts\/3674\/revisions"}],"predecessor-version":[{"id":3676,"href":"https:\/\/krankenhauspfarramt.de\/index.php\/wp-json\/wp\/v2\/posts\/3674\/revisions\/3676"}],"wp:featuredmedia":[{"embeddable":true,"href":"https:\/\/krankenhauspfarramt.de\/index.php\/wp-json\/wp\/v2\/media\/3675"}],"wp:attachment":[{"href":"https:\/\/krankenhauspfarramt.de\/index.php\/wp-json\/wp\/v2\/media?parent=3674"}],"wp:term":[{"taxonomy":"category","embeddable":true,"href":"https:\/\/krankenhauspfarramt.de\/index.php\/wp-json\/wp\/v2\/categories?post=3674"},{"taxonomy":"post_tag","embeddable":true,"href":"https:\/\/krankenhauspfarramt.de\/index.php\/wp-json\/wp\/v2\/tags?post=3674"}],"curies":[{"name":"wp","href":"https:\/\/api.w.org\/{rel}","templated":true}]}}