{"id":3694,"date":"2021-09-20T10:24:21","date_gmt":"2021-09-20T10:24:21","guid":{"rendered":"https:\/\/krankenhauspfarramt.de\/index.php\/2021\/09\/20\/17-09-2021-oekumenisches-buendnis-ruft-zur-teilnahme-am-klimastreik-auf\/"},"modified":"2021-09-20T10:24:21","modified_gmt":"2021-09-20T10:24:21","slug":"17-09-2021-oekumenisches-buendnis-ruft-zur-teilnahme-am-klimastreik-auf","status":"publish","type":"post","link":"https:\/\/krankenhauspfarramt.de\/index.php\/2021\/09\/20\/17-09-2021-oekumenisches-buendnis-ruft-zur-teilnahme-am-klimastreik-auf\/","title":{"rendered":"17.09.2021 \u00d6kumenisches B\u00fcndnis ruft zur Teilnahme am Klimastreik auf"},"content":{"rendered":"<p><img decoding=\"async\" src=\"https:\/\/www.elk-wue.de\/\" \/><\/p>\n<div id=\"c31066\">\n<header>\n<h2 class=\"b_is-headline\">\u00d6kumenisches B\u00fcndnis ruft zur Teilnahme am Klimastreik auf<\/h2>\n<h3>Deutschland kann Blaupause f\u00fcr sozial-\u00f6kologische Transformationen sein<\/h3>\n<\/header>\n<p>Stuttgart\/Karlsruhe\/Freiburg\/Rottenburg. Das \u00f6kumenische B\u00fcndnis f\u00fcr Klimagerechtigkeit der vier gro\u00dfen Kirchen in Baden-W\u00fcrttemberg ruft alle Christinnen und Christen dazu auf, sich am bundesweiten Klimastreik am Freitag, 24. September, zu beteiligen und in der Vorbereitung auf diesen Tag kreativ darauf hinzuweisen.<\/p>\n<p>\u00a0\u201eJeder f\u00fcr sich selbst muss damit beginnen, einen umweltvertr\u00e4glichen Lebensstil zu f\u00fchren \u2013 privat, in den Kirchengemeinden, in der gesamten Gesellschaft\u201c, teilt das B\u00fcndnis mit. Und weiter: Deutschland komme eine besondere Verantwortung in der Klimakrise zu, besonders auch im Hinblick auf die wichtigen Entscheidungen der UN-Klimakonferenz im November 2021 in Glasgow. Das Land habe alle Chancen, eine realistische Blaupause f\u00fcr die notwendigen sozial-\u00f6kologischen Transformationen weltweit zu sein. Dies werde bislang aber weder politisch noch gesellschaftlich wahrgenommen. Das B\u00fcndnis bef\u00fcrchtet daher, dass sich das immer kleiner werdende Zeitfenster zum Handeln schlie\u00dft und wesentliche Kipppunkte der Biosph\u00e4re \u00fcberschritten werden, womit die Folgen der Klimakrise unumkehrbar werden.<\/p>\n<p>Die j\u00fcngste Flutkatastrophe in West- und S\u00fcddeutschland habe die physischen Auswirkungen auch hier zu Lande allen sichtbar gemacht, teilt das \u00f6kumenische B\u00fcndnis f\u00fcr Klimagerechtigkeit mit. Anders als der globale S\u00fcden h\u00e4tten die industrialisierten L\u00e4nder die Finanzkraft zur Anpassung. Deshalb verfolgten die im B\u00fcndnis zusammengeschlossenen Kirchen mit eigenen Klimaschutzkonzepten ehrgeizige Reduktionsziele.<\/p>\n<p>Ein weiterer Schwerpunkt des B\u00fcndnisses der Kirchen f\u00fcr Klimagerechtigkeit liege darin, aufzuzeigen, dass die L\u00e4nder, die historisch am wenigsten zum Klimawandel beigetragen haben,\u00a0mit den Folgen des Klimawandels nicht allein gelassen werden d\u00fcrfen. Zudem d\u00fcrfe diesen L\u00e4ndern eine wirtschaftliche Entwicklung nicht verwehrt werden.<\/p>\n<p>Vertreter der vier gro\u00dfen christlichen Kirchen in Baden-W\u00fcrttemberg \u00e4u\u00dfern sich dazu wie folgt:<\/p>\n<p>\u201eWir m\u00fcssen als Kirchen den Menschen noch deutlicher bewusstmachen, dass uns die Zeit davonl\u00e4uft und wir unsere Lebensstile hier und heute hinterfragen m\u00fcssen. Von unseren Partnerkirchen im S\u00fcden k\u00f6nnen wir lernen, dass anders leben ebenso gut und sinnstiftend ist\u201c, sagt Dr. Fabian Freiseis, Leiter des Referats Weltkirche der Erzdi\u00f6zese Freiburg.<\/p>\n<p>Klaus-Peter Koch, Umweltbeauftragter der Evangelischen Landeskirche in W\u00fcrttemberg, betont: \u201eDie Z\u00e4sur durch die Pandemie darf uns nicht daran hindern, uns noch konsequenter f\u00fcr die Ver\u00e4nderungen einzusetzen, die aus Sorge um die ganze Sch\u00f6pfung und f\u00fcr ein gutes Leben unserer N\u00e4chsten in unserer Nachbarschaft, weltweit und f\u00fcr zuk\u00fcnftige Generationen dringend notwendig sind.\u201c<\/p>\n<p>Stefan Schneider, Umweltbeauftragter der Di\u00f6zese Rottenburg-Stuttgart, h\u00e4lt fest: \u201eAus Liebe zur Sch\u00f6pfung Gottes engagieren wir Kirchen, wir Christinnen und Christen uns f\u00fcr einen entschiedenen Klimaschutz.\u201c\u00a0<\/p>\n<p>Und Michael Starck, Beauftragter f\u00fcr den Kirchlichen Entwicklungsdienst der Evangelischen Landeskirche in Baden, f\u00fcgt an: \u201eSchon seit Jahren haben unsere Partner in Indien und Indonesien mit immer unberechenbareren, immer st\u00e4rker werdenden Niederschl\u00e4gen zu k\u00e4mpfen, die zu Erdrutschen und \u00dcberschwemmungen f\u00fchren, viel Zerst\u00f6rung anrichten und auch Menschenleben kosten. Diese Extremwetterph\u00e4nomene sind eindeutig Folgen des Klimawandels.\u201c<\/p>\n<p>Laut dem \u00d6kumenischen B\u00fcndnis f\u00fcr Klimagerechtigkeit k\u00f6nnten Kirchengemeinden beispielsweise am Sonntag vor dem Streiktag in den Gottesdiensten eine Klimaf\u00fcrbitte aufnehmen und am Streiktag mit einem \u201ef\u00fcnf-vor-zw\u00f6lf-L\u00e4uten-f\u00fcr-den-Klimaschutz\u201c zu einer\u00a0Mittagsandacht f\u00fcr Klimagerechtigkeit einladen. Als Zeichen f\u00fcr die Dringlichkeit der Klimakrise k\u00f6nnten w\u00e4hrend dieser Andacht die Kirchturmuhren auf \u201ef\u00fcnf vor zw\u00f6lf\u201c stehen. Jugendverb\u00e4nde k\u00f6nnten in einer Gruppenstunde Demoschilder gestalten und damit gemeinsam zu einer Demo gehen oder online teilnehmen.<\/p>\n<p>Zum \u00d6kumenischen B\u00fcndnis f\u00fcr Klimagerechtigkeit Baden-W\u00fcrttemberg:<\/p>\n<p>Der globale Klimawandel ist die gr\u00f6\u00dfte Zukunftsherausforderung f\u00fcr die Menschheit und die Sch\u00f6pfung. Kirchen k\u00f6nnen und m\u00fcssen hier eine entscheidende Rolle \u00fcbernehmen, indem sie konsequent auf die mit dem Klimawandel verbundenen Gerechtigkeitsfragen hinweisen, sich verbindlich f\u00fcr die Klagen der Armen einsetzen und selbst eine Vorbildfunktion im notwendigen Transformationsprozess einnehmen.<\/p>\n<p>Die (Erz-)Di\u00f6zesen Freiburg und Rottenburg-Stuttgart und die evangelischen Landeskirchen in Baden und W\u00fcrttemberg haben deshalb ein \u00f6kumenisches B\u00fcndnis f\u00fcr Klimagerechtigkeit geschlossen. Gemeinsam wollen sie<\/p>\n<p>\u2022\u00a0\u00a0\u00a0\u00a0\u00a0\u00a0\u00a0\u00a0\u00a0\u00a0 den Austausch zu Fragen der Klimagerechtigkeit konsequent und kontinuierlich pflegen,<\/p>\n<p>\u2022\u00a0\u00a0\u00a0\u00a0\u00a0\u00a0\u00a0\u00a0\u00a0\u00a0 das Handeln der Kirchen in Sachen Klimaschutz und Klimagerechtigkeit st\u00e4rken,<\/p>\n<p>\u2022\u00a0\u00a0\u00a0\u00a0\u00a0\u00a0\u00a0\u00a0\u00a0\u00a0 konkrete Aktionen, Kooperationen und Projekte vorschlagen,<\/p>\n<p>\u2022\u00a0\u00a0\u00a0\u00a0\u00a0\u00a0\u00a0\u00a0\u00a0\u00a0 Positionen formulieren und sie gegen\u00fcber Verantwortlichen in Politik und Gesellschaft\u00a0\u00a0<br \/>\u00a0\u00a0\u00a0\u00a0\u00a0\u00a0\u00a0\u00a0\u00a0\u00a0\u00a0\u00a0 geltend machen.<\/p>\n<p>\u00a0<\/p>\n<p>Oliver Hoesch<br \/>Sprecher der Landeskirche<\/p>\n<p>\u00a0<\/p>\n<p><strong>Hinweis:<\/strong> Die Pressemitteilung wird von den vier gro\u00dfen Kirchen in Baden-W\u00fcrttemberg zeitgleich versendet.<\/p>\n<\/div>\n","protected":false},"excerpt":{"rendered":"<p>\u00d6kumenisches B\u00fcndnis ruft zur Teilnahme am Klimastreik auf Deutschland kann Blaupause f\u00fcr sozial-\u00f6kologische Transformationen sein Stuttgart\/Karlsruhe\/Freiburg\/Rottenburg. Das \u00f6kumenische B\u00fcndnis f\u00fcr<\/p>\n","protected":false},"author":1,"featured_media":0,"comment_status":"closed","ping_status":"closed","sticky":false,"template":"","format":"standard","meta":{"footnotes":""},"categories":[21],"tags":[],"_links":{"self":[{"href":"https:\/\/krankenhauspfarramt.de\/index.php\/wp-json\/wp\/v2\/posts\/3694"}],"collection":[{"href":"https:\/\/krankenhauspfarramt.de\/index.php\/wp-json\/wp\/v2\/posts"}],"about":[{"href":"https:\/\/krankenhauspfarramt.de\/index.php\/wp-json\/wp\/v2\/types\/post"}],"author":[{"embeddable":true,"href":"https:\/\/krankenhauspfarramt.de\/index.php\/wp-json\/wp\/v2\/users\/1"}],"replies":[{"embeddable":true,"href":"https:\/\/krankenhauspfarramt.de\/index.php\/wp-json\/wp\/v2\/comments?post=3694"}],"version-history":[{"count":0,"href":"https:\/\/krankenhauspfarramt.de\/index.php\/wp-json\/wp\/v2\/posts\/3694\/revisions"}],"wp:attachment":[{"href":"https:\/\/krankenhauspfarramt.de\/index.php\/wp-json\/wp\/v2\/media?parent=3694"}],"wp:term":[{"taxonomy":"category","embeddable":true,"href":"https:\/\/krankenhauspfarramt.de\/index.php\/wp-json\/wp\/v2\/categories?post=3694"},{"taxonomy":"post_tag","embeddable":true,"href":"https:\/\/krankenhauspfarramt.de\/index.php\/wp-json\/wp\/v2\/tags?post=3694"}],"curies":[{"name":"wp","href":"https:\/\/api.w.org\/{rel}","templated":true}]}}