{"id":3715,"date":"2021-09-22T21:17:52","date_gmt":"2021-09-22T21:17:52","guid":{"rendered":"https:\/\/krankenhauspfarramt.de\/index.php\/2021\/09\/22\/ich-spuere-einen-veraenderungswillen-hin-zu-einer-kirche-die-auch-mit-weniger-mitgliedern-ausstrahlungsstark-ist-ekd\/"},"modified":"2021-09-22T21:17:55","modified_gmt":"2021-09-22T21:17:55","slug":"ich-spuere-einen-veraenderungswillen-hin-zu-einer-kirche-die-auch-mit-weniger-mitgliedern-ausstrahlungsstark-ist-ekd","status":"publish","type":"post","link":"https:\/\/krankenhauspfarramt.de\/index.php\/2021\/09\/22\/ich-spuere-einen-veraenderungswillen-hin-zu-einer-kirche-die-auch-mit-weniger-mitgliedern-ausstrahlungsstark-ist-ekd\/","title":{"rendered":"\u201eIch sp\u00fcre einen Ver\u00e4nderungswillen hin zu einer Kirche, die auch mit weniger Mitgliedern ausstrahlungsstark ist\u201c \u2013 EKD"},"content":{"rendered":"<p> <br \/>\n<\/p>\n<div>\n<p><em>In Ihre Amtszeit fallen neben den Strukturver\u00e4nderungen auch die Fluchtbewegung 2015 sowie die Aufarbeitung sexualisierter Gewalt. Was hat sie am meisten gefordert?<\/em><\/p>\n<p><strong>Bedford-Strohm: <\/strong>Im Sinne einer emotionalen Forderung ganz sicher das Thema sexualisierte Gewalt. Es ist jedes Mal wieder unfassbar, wenn ich Betroffenen gegen\u00fcbersitze und h\u00f6re, was ihnen angetan worden ist.<\/p>\n<p><em>Betroffene werfen der evangelischen Kirche immer wieder vor, es mit der Aufarbeitung nicht ernst zu meinen. Wie wollen Sie das Gegenteil beweisen?<\/em><\/p>\n<p><strong>Bedford-Strohm:<\/strong> Wir lernen zun\u00e4chst aus der Kritik. Dazu geh\u00f6rt auch anzuerkennen, dass die Situationen und Erwartungen der Betroffenen sehr unterschiedlich sind. Es dann richtig zu machen, ist extrem schwer. Auf jeden Fall habe ich das Gef\u00fchl, wir haben es nicht immer richtig gemacht.<\/p>\n<p><em>An welchen Stellen?<\/em><\/p>\n<p><strong>Bedford-Strohm:<\/strong> Wir haben verkannt, dass die von uns eingesetzten Unabh\u00e4ngigen Kommissionen, die erlittenes Unrecht anerkennen und dazu auch entsprechende finanzielle Leistungen auszahlen, mit anderen Strukturen erg\u00e4nzt werden m\u00fcssen, die die institutionelle Aufarbeitung st\u00e4rker in den Blick nehmen. Manche der Betroffenen hatten trotz aller ehrlichen Bem\u00fchungen nicht das Vertrauen, dass die Kirche energisch aufkl\u00e4rt. Wenn wir ihr Vertrauen nicht haben und auch nicht gewinnen k\u00f6nnen, m\u00fcssen wir Hilfe von Menschen von au\u00dfen annehmen. Das haben wir gelernt. Und bereits Konsequenzen daraus gezogen. Wir sind jedenfalls bereit, alles offenzulegen, was rechtlich offengelegt werden kann. Niemand hat ein Interesse an Vertuschung. Im Gegenteil: Wir wollen selbst \u00fcber diese schrecklichen Dinge in unserer Kirche Bescheid wissen.<\/p>\n<p><em>Braucht die Kirche also einen unabh\u00e4ngigen Missbrauchsbeauftragten?<\/em><\/p>\n<p><strong>Bedford Strohm<\/strong>: Ich glaube nicht, dass es an einer Person h\u00e4ngt. Wir haben einen Beauftragtenrat, Bisch\u00f6finnen und Bisch\u00f6fe, die dem Thema viel Zeit widmen. Dazu kommt eine Fachstelle auf Ebene der EKD und eine gro\u00dfe Anzahl an Kolleginnen und Kollegen in den Landeskirchen und in der Diakonie, die Pr\u00e4vention und Aufarbeitung vorantreiben. Mit dem Unabh\u00e4ngigen Beauftragten f\u00fcr Fragen des sexuellen Kindesmissbrauchs arbeiten wir seit langem eng zusammen.<\/p>\n<p><em>W\u00e4re es vielleicht besser gewesen, das Thema zur Chefsache, also zum Thema des Ratsvorsitzenden zu machen?<\/em><\/p>\n<p><strong>Bedford-Strohm:<\/strong> Es war immer Chefsache. Ich habe die Beratungen als Ratsvorsitzender intensiv begleitet. Der Rat der EKD hat beschlossen, den Beauftragtenrat zu gr\u00fcnden und die Hamburger Bisch\u00f6fin Kirsten Fehrs, die bereits besondere Erfahrung in der Aufarbeitung von F\u00e4llen sexualisierter Gewalt in ihrer Landeskirche hatte, gebeten, erste Sprecherin des Gremiums zu sein. Wir haben die ganze Zeit eng kommuniziert.<\/p>\n<p><em>Die Studie in der katholischen Kirche hat ergeben, dass unter anderem das Machtgef\u00e4lle in der kirchlichen Hierarchie eine Ursache f\u00fcr Missbrauch sein kann. Blicken Sie heute auch anders auf \u00c4mter in der evangelischen Kirche?<\/em><\/p>\n<p><strong>Bedford-Strohm:<\/strong> Ich glaube nicht, dass das Hauptproblem in der evangelischen Kirche bei der \u00c4mterfrage liegt. Nach ersten Erkenntnissen war bei uns eher eine Art Kumpelkultur problematisch. Dadurch wurden Grenzen nicht gewahrt und sexualisierte Gewalt erm\u00f6glicht. Das wollen wir durch die von uns initiierte Aufarbeitungsstudie noch genauer analysieren. Der Zusammenhang von Macht und Gewalt wird aber auch Thema auf der kommenden Synodentagung sein.<\/p>\n<p><em>Im Fr\u00fchjahr wurde der von der EKD als Gegen\u00fcber zum Beauftragtenrat eingesetzte Betroffenenbeirat aufgel\u00f6st. Wie geht es mit der versprochenen Betroffenenbeteiligung bei der Aufarbeitung weiter?<\/em><\/p>\n<p><strong>Bedford-Strohm: <\/strong>Der Betroffenenbeirat wurde nicht aufgel\u00f6st, sondern musste leider ausgesetzt werden. Im Rahmen einer externen Expertise zur Neuausrichtung der Betroffenenpartizipation soll nun zusammen mit den Mitgliedern des Beirats eine bessere Struktur gefunden werden. In der Zwischenzeit bieten wir den Beiratsmitgliedern an, einzeln oder in Gruppen, durch Stellungnahmen ihre Perspektive in laufende Entscheidungsprozesse oder auch die Synode einzubringen. Ich freue mich sehr dar\u00fcber, dass uns auf diese Weise Mitglieder des Betroffenenbeirats auch aktuell mit ihren Erfahrungen unterst\u00fctzen.<\/p>\n<\/p><\/div>\n","protected":false},"excerpt":{"rendered":"<p>In Ihre Amtszeit fallen neben den Strukturver\u00e4nderungen auch die Fluchtbewegung 2015 sowie die Aufarbeitung sexualisierter Gewalt. Was hat sie am<\/p>\n","protected":false},"author":1,"featured_media":3716,"comment_status":"closed","ping_status":"closed","sticky":false,"template":"","format":"standard","meta":{"footnotes":""},"categories":[20],"tags":[],"_links":{"self":[{"href":"https:\/\/krankenhauspfarramt.de\/index.php\/wp-json\/wp\/v2\/posts\/3715"}],"collection":[{"href":"https:\/\/krankenhauspfarramt.de\/index.php\/wp-json\/wp\/v2\/posts"}],"about":[{"href":"https:\/\/krankenhauspfarramt.de\/index.php\/wp-json\/wp\/v2\/types\/post"}],"author":[{"embeddable":true,"href":"https:\/\/krankenhauspfarramt.de\/index.php\/wp-json\/wp\/v2\/users\/1"}],"replies":[{"embeddable":true,"href":"https:\/\/krankenhauspfarramt.de\/index.php\/wp-json\/wp\/v2\/comments?post=3715"}],"version-history":[{"count":1,"href":"https:\/\/krankenhauspfarramt.de\/index.php\/wp-json\/wp\/v2\/posts\/3715\/revisions"}],"predecessor-version":[{"id":3717,"href":"https:\/\/krankenhauspfarramt.de\/index.php\/wp-json\/wp\/v2\/posts\/3715\/revisions\/3717"}],"wp:featuredmedia":[{"embeddable":true,"href":"https:\/\/krankenhauspfarramt.de\/index.php\/wp-json\/wp\/v2\/media\/3716"}],"wp:attachment":[{"href":"https:\/\/krankenhauspfarramt.de\/index.php\/wp-json\/wp\/v2\/media?parent=3715"}],"wp:term":[{"taxonomy":"category","embeddable":true,"href":"https:\/\/krankenhauspfarramt.de\/index.php\/wp-json\/wp\/v2\/categories?post=3715"},{"taxonomy":"post_tag","embeddable":true,"href":"https:\/\/krankenhauspfarramt.de\/index.php\/wp-json\/wp\/v2\/tags?post=3715"}],"curies":[{"name":"wp","href":"https:\/\/api.w.org\/{rel}","templated":true}]}}