{"id":3725,"date":"2021-09-24T22:05:42","date_gmt":"2021-09-24T22:05:42","guid":{"rendered":"https:\/\/krankenhauspfarramt.de\/index.php\/2021\/09\/24\/rat-der-ekd-beteiligt-sich-am-globalen-klimastreik-ekd\/"},"modified":"2021-09-24T22:05:45","modified_gmt":"2021-09-24T22:05:45","slug":"rat-der-ekd-beteiligt-sich-am-globalen-klimastreik-ekd","status":"publish","type":"post","link":"https:\/\/krankenhauspfarramt.de\/index.php\/2021\/09\/24\/rat-der-ekd-beteiligt-sich-am-globalen-klimastreik-ekd\/","title":{"rendered":"Rat der EKD beteiligt sich am globalen Klimastreik \u2013 EKD"},"content":{"rendered":"<p> <br \/>\n<\/p>\n<div>\n<p>Die Pr\u00e4ses der Synode der EKD, Anna-Nicole-Heinrich, hatte gestern \u00fcber Social Media zur Teilnahme an den Veranstaltungen zum Klimastreik aufgerufen: Klima und globale Gerechtigkeit geh\u00f6ren zusammen, so ihre \u00dcberzeugung: \u201eGerade die L\u00e4nder, die am wenigsten zum CO2-Aussto\u00df beitragen, sind am st\u00e4rksten von den Folgen betroffen&#8220;, so Heinrich. \u201eDen Klimawandel k\u00f6nnen wir nur gemeinsam aufhalten. Quer durch alle Generationen hindurch, unabh\u00e4ngig von politischen \u00dcberzeugungen und Weltanschauungen &#8211; rund um den Globus.\u201c<\/p>\n<p style=\"margin-left:0cm; margin-right:0cm\">Angef\u00fchrt wurde der Protest in Berlin von der \u201eFridays for Future\u201c-Gr\u00fcnderin und schwedischen Klimaaktivistin Greta Thunberg und der deutschen Klimaaktivistin Luisa Neubauer. Thunberg warnte in ihrer Rede erneut vor den \u00f6kologischen und sozialen Folgen der Erderhitzung. Deutschland sei einer der gr\u00f6\u00dften Emittenten weltweit und wichtiger Verursacher der Klimakrise. Sie forderte die Menschen auf, den Druck aufrecht zu erhalten, um politisch einen echten Wandel herbeizuf\u00fchren und das 1,5-Grad-Ziel einzuhalten. Zur Wahl zu gehen sei wichtig, sagte die Schwedin mit Blick auf die Bundestagswahl, doch das werde nicht reichen.<\/p>\n<p style=\"margin-left:0cm; margin-right:0cm\">\u201eSeit 148 Wochen streiken wir\u201c, sagte Thunbergs deutsche Mitstreiterin Luisa Neubauer: \u201eUnd wir haben gelernt, dass Widerstand Zweck hat\u201c. Neubauer kritisierte, dass keine der Parteien in ihrem Programmen Ma\u00dfnahmen vorschl\u00e4gt, die das 1,5-Grad-Ziel einh\u00e4lt. \u201eEs gibt keine Ausreden mehr, das wissen wir alle. 1,5 Grad ist nicht verhandelbar\u201c, sagte die Klimaaktivstin: \u201eWir werden die Klimakrise nicht innerhalb unser Komfortzone l\u00f6sen, war m\u00fcssen da raus und wir werden das machen.\u201c<\/p>\n<p style=\"margin-left:0cm; margin-right:0cm\">Unterst\u00fctzt wurden die Klimaproteste von mehr als 200 Organisationen, darunter auch von den Kirchen. Das Motto lautete #AlleF\u00fcrsKlima. Die Klimabewegung will nach eigenen Worten mit dem bundesweiten und globalen Klimastreik zwei Tage vor der Bundestagswahl den Druck auf die Parteien erh\u00f6hen, die Klimakrise ernst zu nehmen. SPD-Kanzlerkandidat Olaf Scholz twitterte, er sei dankbar f\u00fcr das Engagement von \u201eFridays for Future\u201c. Die Aktivisten entgegneten, \u201ewir wollen die gute Stimmung ja nicht zerst\u00f6ren &#8211; aber wir bestreiken heute Deine Regierung, Olaf\u201c.<\/p>\n<\/p><\/div>\n","protected":false},"excerpt":{"rendered":"<p>Die Pr\u00e4ses der Synode der EKD, Anna-Nicole-Heinrich, hatte gestern \u00fcber Social Media zur Teilnahme an den Veranstaltungen zum Klimastreik aufgerufen:<\/p>\n","protected":false},"author":1,"featured_media":3726,"comment_status":"closed","ping_status":"closed","sticky":false,"template":"","format":"standard","meta":{"footnotes":""},"categories":[20],"tags":[],"_links":{"self":[{"href":"https:\/\/krankenhauspfarramt.de\/index.php\/wp-json\/wp\/v2\/posts\/3725"}],"collection":[{"href":"https:\/\/krankenhauspfarramt.de\/index.php\/wp-json\/wp\/v2\/posts"}],"about":[{"href":"https:\/\/krankenhauspfarramt.de\/index.php\/wp-json\/wp\/v2\/types\/post"}],"author":[{"embeddable":true,"href":"https:\/\/krankenhauspfarramt.de\/index.php\/wp-json\/wp\/v2\/users\/1"}],"replies":[{"embeddable":true,"href":"https:\/\/krankenhauspfarramt.de\/index.php\/wp-json\/wp\/v2\/comments?post=3725"}],"version-history":[{"count":1,"href":"https:\/\/krankenhauspfarramt.de\/index.php\/wp-json\/wp\/v2\/posts\/3725\/revisions"}],"predecessor-version":[{"id":3727,"href":"https:\/\/krankenhauspfarramt.de\/index.php\/wp-json\/wp\/v2\/posts\/3725\/revisions\/3727"}],"wp:featuredmedia":[{"embeddable":true,"href":"https:\/\/krankenhauspfarramt.de\/index.php\/wp-json\/wp\/v2\/media\/3726"}],"wp:attachment":[{"href":"https:\/\/krankenhauspfarramt.de\/index.php\/wp-json\/wp\/v2\/media?parent=3725"}],"wp:term":[{"taxonomy":"category","embeddable":true,"href":"https:\/\/krankenhauspfarramt.de\/index.php\/wp-json\/wp\/v2\/categories?post=3725"},{"taxonomy":"post_tag","embeddable":true,"href":"https:\/\/krankenhauspfarramt.de\/index.php\/wp-json\/wp\/v2\/tags?post=3725"}],"curies":[{"name":"wp","href":"https:\/\/api.w.org\/{rel}","templated":true}]}}