{"id":3728,"date":"2021-09-26T13:03:18","date_gmt":"2021-09-26T13:03:18","guid":{"rendered":"https:\/\/krankenhauspfarramt.de\/index.php\/2021\/09\/26\/interkulturelle-woche-2021-mit-oekumenischem-gottesdienst-in-rostock-eroeffnet-ekd\/"},"modified":"2021-09-26T13:03:20","modified_gmt":"2021-09-26T13:03:20","slug":"interkulturelle-woche-2021-mit-oekumenischem-gottesdienst-in-rostock-eroeffnet-ekd","status":"publish","type":"post","link":"https:\/\/krankenhauspfarramt.de\/index.php\/2021\/09\/26\/interkulturelle-woche-2021-mit-oekumenischem-gottesdienst-in-rostock-eroeffnet-ekd\/","title":{"rendered":"Interkulturelle Woche 2021 mit \u00f6kumenischem Gottesdienst in Rostock er\u00f6ffnet \u2013 EKD"},"content":{"rendered":"<p> <br \/>\n<\/p>\n<div id=\"\">\n<div class=\"article--meta article--meta__border clearfix\">\n<p>                                    <time datetime=\"26.09.2021 11:00\" class=\"article--time\">26.09.2021<\/time><strong class=\"article--type primus--overline\">Pressemitteilung<\/strong><\/p>\n<picture class=\"article--source-image image\"><source srcset=\"https:\/\/www.ekd.de\/ekd_de\/ds_img\/assets\/20170622_ekd-Quellenlogo_141_rdax_423x118.png\"><!--<source srcset=\"\/ekd_de\/ds_img\/assets\/20170622_ekd-Quellenlogo_141_rdax_141x39.png 1x, \/ekd_de\/ds_img\/assets\/20170622_ekd-Quellenlogo_141_rdax_282x78.png 2x, https:\/\/www.ekd.de\/ekd_de\/ds_img\/assets\/20170622_ekd-Quellenlogo_141_rdax_423x118.png 3x\">--><\/source><\/picture>\n<\/p><\/div>\n<h2 class=\"article--sub-headline primus--sub-headline\">Aufruf zu einem Engagement f\u00fcr ein friedliches und vielf\u00e4ltiges Miteinander<\/h2>\n<\/p><\/div>\n<div id=\"\">\n<p>Mit einem \u00f6kumenischen Gottesdienst im IGA-Park Rostock ist heute (26.\u00a0September 2021) die diesj\u00e4hrige Interkulturelle Woche unter dem Motto #offengeht er\u00f6ffnet worden. Der Gottesdienst wurde geleitet von Bischof Tilman Jeremias (Sprengel Mecklenburg und Pommern, Evangelisch-Lutherische Kirche in Norddeutschland), Weihbischof Horst Eberlein (katholische Kirche, Erzbistum Hamburg) und Erzpriester Radu Constantin Miron (Vorsitzender der ACK Deutschland). Musikalisch begleitet wurde er vom \u00d6kumenischen Bl\u00e4serkreis und der Band der Jugendkirche Rostock.<\/p>\n<p>In seiner Predigt sagte Weihbischof Eberlein: \u201eOffenheit im Herz und im Geist hat dazu gef\u00fchrt, dass Deutschland zahlreichen Eingewanderten und ihren Nachkommen zur Heimat werden konnte. Ausgrenzung und Abschottung, Abwertung und Arroganz &#8211; wer Ressentiments sch\u00fcrt und die einen gegen die anderen ausspielt, hat die christliche Botschaft nicht verstanden.\u201c Erst Offenheit mache Gemeinschaft m\u00f6glich, betonte Eberlein. \u201eSo ist das nicht nur bei uns Christen, sondern in allen Weltreligionen und sogar selbst bei Menschen guten Willens ohne Glauben an einen Gott.\u201c.<\/p>\n<p>Unter dem Motto \u201e#offen geht \u2013 Rostock ist bunt\u201c er\u00f6ffnete Oberb\u00fcrgermeister Claus Ruhe Madsen anschlie\u00dfend das Einwohner*innenfest zum Auftakt der IKW, das in diesem Jahr gemeinsam mit dem Weltkindertag im IGA-Park gefeiert wurde. In einer Talkrunde stellten sich Ruhe Madsen, Dr. Beate Str\u00e4ter (Vorsitzende des \u00d6kumenischen Vorbereitungsausschusses zur Interkulturellen Woche), Seyhmus Atay-Lichtermann (Vorsitzender des Migrantenrates Rostock) und Andrea Wehmer (Koordinatorin des Weltkindertagsfestes) den Fragen der Moderatoren Frank Melz und Wieland Wittm\u00fc\u00df. Nach dem Talk startete das bunte Festprogramm mit Kultur- und Mitmachangeboten, an dem sich zahlreiche Akteur*innen der Rostocker Stadtgesellschaft beteiligten.<\/p>\n<p>Im Gemeinsamen Wort der Kirchen zur Interkulturellen Woche riefen der Vorsitzende der Deutschen Bischofskonferenz (DBK), Bischof Georg B\u00e4tzing, der Vorsitzende des Rates der Evangelischen Kirche in Deutschland (EKD), Landesbischof Heinrich Bedford-Strohm, und der Vorsitzende der Orthodoxen Bischofskonferenz in Deutschland (OBKD), Metropolit Augoustinos, im Blick auf die heute stattfindende Bundestagswahl dazu auf, \u201esich aktiv f\u00fcr ein friedliches und vielf\u00e4ltiges Miteinander zu engagieren. Dabei kann und darf es auch zwischen Christinnen und Christen politischen Streit geben. Nicht verhandelbar sind jedoch die grundlegenden Werte unseres Grundgesetzes.\u201c<\/p>\n<p><em>Hintergrund <\/em><br \/>Die Interkulturelle Woche ist eine bundesweite Initiative der Deutschen Bischofskonferenz, der Evangelischen Kirche in Deutschland (EKD) und der Griechisch-Orthodoxen Metropolie. Sie wird von Kirchen und Religionsgemeinschaften, Kommunen, Wohlfahrtsverb\u00e4nden, Gewerkschaften, Integrationsbeir\u00e4ten und -beauftragten und Migrantenorganisationen unterst\u00fctzt und mitgetragen. In mehr als 500 St\u00e4dten und Gemeinden werden rund 5.000 Veranstaltungen durchgef\u00fchrt.<\/p>\n<p>Hinweise:<br \/>Das Gemeinsame Wort der Kirchen zur Interkulturellen Woche 2021 ist unter\u00a0https:\/\/www.ekd.de\/ekd_de\/ds_doc\/Interkulturelle-Woche-2021.pdf und www.dbk.de als pdf-Datei verf\u00fcgbar. Die Predigt von Weihbischof Eberlein ist nach Ablauf der Sperrfrist ebenfalls unter www.dbk.de verf\u00fcgbar.<\/p>\n<p>F\u00fcr die Vorbereitung der Interkulturellen Woche hat der \u00d6kumenische Vorbereitungsausschuss eine Reihe von Materialien erstellt, die unter www.interkulturellewoche.de bestellt werden k\u00f6nnen. Dort finden Sie auch weitere Informationen.<\/p>\n<p>Hannover, 26. September 2021<\/p>\n<p>Pressestelle der EKD<br \/>Carsten Splitt<\/p>\n<\/div>\n","protected":false},"excerpt":{"rendered":"<p>26.09.2021Pressemitteilung Aufruf zu einem Engagement f\u00fcr ein friedliches und vielf\u00e4ltiges Miteinander Mit einem \u00f6kumenischen Gottesdienst im IGA-Park Rostock ist heute<\/p>\n","protected":false},"author":1,"featured_media":569,"comment_status":"closed","ping_status":"closed","sticky":false,"template":"","format":"standard","meta":{"footnotes":""},"categories":[20],"tags":[],"_links":{"self":[{"href":"https:\/\/krankenhauspfarramt.de\/index.php\/wp-json\/wp\/v2\/posts\/3728"}],"collection":[{"href":"https:\/\/krankenhauspfarramt.de\/index.php\/wp-json\/wp\/v2\/posts"}],"about":[{"href":"https:\/\/krankenhauspfarramt.de\/index.php\/wp-json\/wp\/v2\/types\/post"}],"author":[{"embeddable":true,"href":"https:\/\/krankenhauspfarramt.de\/index.php\/wp-json\/wp\/v2\/users\/1"}],"replies":[{"embeddable":true,"href":"https:\/\/krankenhauspfarramt.de\/index.php\/wp-json\/wp\/v2\/comments?post=3728"}],"version-history":[{"count":1,"href":"https:\/\/krankenhauspfarramt.de\/index.php\/wp-json\/wp\/v2\/posts\/3728\/revisions"}],"predecessor-version":[{"id":3729,"href":"https:\/\/krankenhauspfarramt.de\/index.php\/wp-json\/wp\/v2\/posts\/3728\/revisions\/3729"}],"wp:featuredmedia":[{"embeddable":true,"href":"https:\/\/krankenhauspfarramt.de\/index.php\/wp-json\/wp\/v2\/media\/569"}],"wp:attachment":[{"href":"https:\/\/krankenhauspfarramt.de\/index.php\/wp-json\/wp\/v2\/media?parent=3728"}],"wp:term":[{"taxonomy":"category","embeddable":true,"href":"https:\/\/krankenhauspfarramt.de\/index.php\/wp-json\/wp\/v2\/categories?post=3728"},{"taxonomy":"post_tag","embeddable":true,"href":"https:\/\/krankenhauspfarramt.de\/index.php\/wp-json\/wp\/v2\/tags?post=3728"}],"curies":[{"name":"wp","href":"https:\/\/api.w.org\/{rel}","templated":true}]}}