{"id":3760,"date":"2021-10-02T19:26:20","date_gmt":"2021-10-02T19:26:20","guid":{"rendered":"https:\/\/krankenhauspfarramt.de\/index.php\/2021\/10\/02\/ekd-ratsvorsitzender-weist-zu-erntedank-auf-kostbarkeit-der-lebensmittel-hin-ekd\/"},"modified":"2021-10-02T19:26:23","modified_gmt":"2021-10-02T19:26:23","slug":"ekd-ratsvorsitzender-weist-zu-erntedank-auf-kostbarkeit-der-lebensmittel-hin-ekd","status":"publish","type":"post","link":"https:\/\/krankenhauspfarramt.de\/index.php\/2021\/10\/02\/ekd-ratsvorsitzender-weist-zu-erntedank-auf-kostbarkeit-der-lebensmittel-hin-ekd\/","title":{"rendered":"EKD-Ratsvorsitzender weist zu Erntedank auf Kostbarkeit der Lebensmittel hin \u2013 EKD"},"content":{"rendered":"<p> <br \/>\n<\/p>\n<div id=\"\">\n<div class=\"article--meta article--meta__border clearfix\">\n<p>                                    <time datetime=\"02.10.2021 18:00\" class=\"article--time\">02.10.2021<\/time><strong class=\"article--type primus--overline\">Pressemitteilung<\/strong><\/p>\n<picture class=\"article--source-image image\"><source srcset=\"https:\/\/www.ekd.de\/ekd_de\/ds_img\/assets\/20170622_ekd-Quellenlogo_141_rdax_423x118.png\"><!--<source srcset=\"\/ekd_de\/ds_img\/assets\/20170622_ekd-Quellenlogo_141_rdax_141x39.png 1x, \/ekd_de\/ds_img\/assets\/20170622_ekd-Quellenlogo_141_rdax_282x78.png 2x, https:\/\/www.ekd.de\/ekd_de\/ds_img\/assets\/20170622_ekd-Quellenlogo_141_rdax_423x118.png 3x\">--><\/source><\/picture>\n<\/p><\/div>\n<h2 class=\"article--sub-headline primus--sub-headline\">Bedford-Strohm in Erntedankansprache: \u201eVerbraucher m\u00fcssen bereit sein, f\u00fcr qualitativ gute Lebensmittel auch den Preis zu bezahlen, den es braucht, um rentabel wirtschaften zu k\u00f6nnen.\u201c<\/h2>\n<\/p><\/div>\n<div id=\"\">\n<p>Wie wichtig es ist, am Erntedanksonntag zu danken, hob der Ratsvorsitzende der Evangelischen Kirche in Deutschland (EKD), Landesbischof Heinrich Bedford-Strohm, in einer Andacht auf Radio Bayern 2 hervor. Es sei gut, \u201edass wir Gott Dank sagen, der diese Welt geschaffen hat und sie erh\u00e4lt und der Wachsen und Gedeihen gibt.\u201c Zudem wies Bedford-Strohm darauf hin, dass wir manchmal das Bewusstsein f\u00fcr die Kostbarkeit unserer Nahrung verloren h\u00e4tten. \u201eNahrungsmittel sind in Deutschland ungew\u00f6hnlich billig. Und was billig ist, ist f\u00fcr viele dann auch nichts wert. In Deutschland werden j\u00e4hrlich rund 12 Millionen Tonnen Lebensmittel weggeworfen. Eine unfassbare Zahl. Sie ist so hoch, weil wir die Kostbarkeit dieser Lebensmittel nicht mehr im Kopf und im Herzen haben. Die Bauern, die unsere Lebensmittel herstellen, m\u00fcssen immer \u00f6fter um ihre wirtschaftliche Existenz k\u00e4mpfen, weil die Preise, die sie erzielen k\u00f6nnen, einfach zu niedrig sind.\u201c<\/p>\n<p>Zudem hob der EKD-Ratsvorsitzende die Arbeit der B\u00e4uerinnen und Bauern hervor: \u201eWenn ich etwa bei Landfrauentagen spreche, habe ich eine Halle voll mit B\u00e4uerinnen vor mir, vor deren Lebensleistung ich nur den Hut ziehen kann. Oft h\u00f6re ich dann, wie sie sich \u2013 wenn sie konventionell produzieren \u2013 moralisch disqualifiziert f\u00fchlen, weil sie als Tierqu\u00e4ler und Umweltverschmutzer dargestellt werden. Das tut mir weh. Es ist unfair, Menschen pauschal so zu verurteilen, die jeden Tag in der Natur arbeiten und eine tiefe Beziehung zu ihren Tieren haben.\u201c<\/p>\n<p>Bedford-Strohm betonte, dass nicht nur die Erzeuger:innen eine Verantwortung f\u00fcr das Wohl der Tiere h\u00e4tten: \u201e Wir Verbraucher m\u00fcssen bereit sein, f\u00fcr qualitativ gute Lebensmittel auch den Preis zu bezahlen, den es braucht, um rentabel wirtschaften zu k\u00f6nnen. Also etwa die Milch, die Biobauern produzieren, auch wirklich zu kaufen anstatt die billigste Milchpackung in den Einkaufswagen zu legen. Oder weniger Fleisch zu kaufen, aber daf\u00fcr hochwertiges, von Produzenten, die dem Tierwohl verpflichtet sind, auch wenn es einen h\u00f6heren Preis hat als abgepacktes billiges Supermarktfleisch.\u201c<\/p>\n<p>Hinweis:<br \/>Zu Fragen des Tierwohls und der Tierethik hat die EKD im September 2019 ein Impulspapier der Kammer der EKD f\u00fcr nachhaltige Entwicklung mit dem Titel \u201eNutztier und Mitgesch\u00f6pf! Tierwohl, Ern\u00e4hrungsethik und Nachhaltigkeit aus evangelischer Sicht\u201c herausgegeben.\u00a0<br \/>https:\/\/www.ekd.de\/ekd_de\/ds_doc\/ekd_texte_133_2019.pdf<\/p>\n<p>Hannover, 1. Oktober 2021<\/p>\n<p>Pressestelle der EKD<br \/>Annika Lukas<br \/>\u00a0<\/p>\n<\/div>\n","protected":false},"excerpt":{"rendered":"<p>02.10.2021Pressemitteilung Bedford-Strohm in Erntedankansprache: \u201eVerbraucher m\u00fcssen bereit sein, f\u00fcr qualitativ gute Lebensmittel auch den Preis zu bezahlen, den es braucht,<\/p>\n","protected":false},"author":1,"featured_media":3761,"comment_status":"closed","ping_status":"closed","sticky":false,"template":"","format":"standard","meta":{"footnotes":""},"categories":[20],"tags":[],"_links":{"self":[{"href":"https:\/\/krankenhauspfarramt.de\/index.php\/wp-json\/wp\/v2\/posts\/3760"}],"collection":[{"href":"https:\/\/krankenhauspfarramt.de\/index.php\/wp-json\/wp\/v2\/posts"}],"about":[{"href":"https:\/\/krankenhauspfarramt.de\/index.php\/wp-json\/wp\/v2\/types\/post"}],"author":[{"embeddable":true,"href":"https:\/\/krankenhauspfarramt.de\/index.php\/wp-json\/wp\/v2\/users\/1"}],"replies":[{"embeddable":true,"href":"https:\/\/krankenhauspfarramt.de\/index.php\/wp-json\/wp\/v2\/comments?post=3760"}],"version-history":[{"count":1,"href":"https:\/\/krankenhauspfarramt.de\/index.php\/wp-json\/wp\/v2\/posts\/3760\/revisions"}],"predecessor-version":[{"id":3762,"href":"https:\/\/krankenhauspfarramt.de\/index.php\/wp-json\/wp\/v2\/posts\/3760\/revisions\/3762"}],"wp:featuredmedia":[{"embeddable":true,"href":"https:\/\/krankenhauspfarramt.de\/index.php\/wp-json\/wp\/v2\/media\/3761"}],"wp:attachment":[{"href":"https:\/\/krankenhauspfarramt.de\/index.php\/wp-json\/wp\/v2\/media?parent=3760"}],"wp:term":[{"taxonomy":"category","embeddable":true,"href":"https:\/\/krankenhauspfarramt.de\/index.php\/wp-json\/wp\/v2\/categories?post=3760"},{"taxonomy":"post_tag","embeddable":true,"href":"https:\/\/krankenhauspfarramt.de\/index.php\/wp-json\/wp\/v2\/tags?post=3760"}],"curies":[{"name":"wp","href":"https:\/\/api.w.org\/{rel}","templated":true}]}}