{"id":3767,"date":"2021-10-04T12:07:18","date_gmt":"2021-10-04T12:07:18","guid":{"rendered":"https:\/\/krankenhauspfarramt.de\/index.php\/2021\/10\/04\/neue-perspektiven-fuer-das-gemeindekolleg-der-velkd-ekd\/"},"modified":"2021-10-04T12:07:19","modified_gmt":"2021-10-04T12:07:19","slug":"neue-perspektiven-fuer-das-gemeindekolleg-der-velkd-ekd","status":"publish","type":"post","link":"https:\/\/krankenhauspfarramt.de\/index.php\/2021\/10\/04\/neue-perspektiven-fuer-das-gemeindekolleg-der-velkd-ekd\/","title":{"rendered":"Neue Perspektiven f\u00fcr das Gemeindekolleg der VELKD \u2013 EKD"},"content":{"rendered":"<p> <br \/>\n<\/p>\n<div id=\"\">\n<div class=\"article--meta article--meta__border clearfix\">\n<p>                                    <time datetime=\"04.10.2021 10:00\" class=\"article--time\">04.10.2021<\/time><strong class=\"article--type primus--overline\">Pressemitteilung<\/strong><\/p>\n<picture class=\"article--source-image image\"><source srcset=\"https:\/\/www.ekd.de\/ekd_de\/ds_img\/assets\/velkd.jpg\"><!--<source srcset=\"\/ekd_de\/ds_img\/assets\/velkd_rdax_141x141.jpg 1x, \/ekd_de\/ds_img\/assets\/velkd_rdax_282x282.jpg 2x, https:\/\/www.ekd.de\/ekd_de\/ds_img\/assets\/velkd.jpg 3x\">--><\/source><\/picture>\n<\/p><\/div>\n<h2 class=\"article--sub-headline primus--sub-headline\">Gemeindekolleg soll zur Forschungsstelle f\u00fcr Kirchen- und Gemeindeentwicklung weiterentwickelt werden <\/h2>\n<\/p><\/div>\n<div id=\"\">\n<p class=\"VELKDFlietext\"><span style=\"line-height:14pt\">Seit 35 Jahren bietet die Vereinigte Evangelisch-Lutherische Kirche Deutschlands (VELKD) Beratung und Begleitung in Fragen der Kirchen- und Gemeindeentwicklung. Eine zentrale Rolle in diesem Themenfeld spielt das Gemeindekolleg der VELKD, das zuletzt seinen Standort in Neudietendorf bei Erfurt hatte. Die Kirchenleitung der VELKD hat in einem l\u00e4ngeren Kl\u00e4rungsprozess \u00fcber konzeptionelle Perspektiven f\u00fcr die Zukunft des Gemeindekollegs beraten. In ihrem Beschluss vom 30. September 2021 empfiehlt sie, in eine Kooperation mit dem Forschungszentrum \u201eReligi\u00f6se Kommunikationsprozesse in der S\u00e4kularit\u00e4t\u201c (RKS) in Halle\/Saale einzutreten. Die konkrete Konzeption f\u00fcr die Kooperation soll nun von einer Arbeitsgruppe ausgearbeitet werden.<\/span><\/p>\n<p class=\"VELKDFlietext\"><span style=\"line-height:14pt\">Das Forschungszentrum, das seine Arbeit zur Jahresmitte 2022 an der Theologischen Fakult\u00e4t der Martin-Luther-Universit\u00e4t Halle-Wittenberg aufnimmt, setzt einerseits die Arbeit der Forschungsstelle \u201eReligi\u00f6se Kommunikations- und Lernprozesse\u201c fort, die vor zehn Jahren gegr\u00fcndet wurde, und widmet sich andererseits in einem neuen Forschungsschwerpunkt der Kirchen- und Gemeindeentwicklung in der S\u00e4kularit\u00e4t. Innerhalb dieser Struktur soll das Gemeindekolleg zum Austausch zwischen kirchlicher Praxis und akademisch-theologischer Reflexion beitragen und so die Kirchenentwicklungsprozesse in den Gliedkirchen unterst\u00fctzen. Dabei soll es den Multiplikatorinnen und Multiplikatoren aus den Landeskirchen und den Einrichtungen f\u00fcr Gemeindeberatung und Organisationsentwicklung als Plattform f\u00fcr Austausch, Fortbildung und Vernetzung dienen. Das neue Forschungszentrum k\u00f6nne von der Erfahrung aus der 35-j\u00e4hrigen Geschichte des Gemeindekollegs und von der \u00f6kumenischen Vernetzung der VELKD nur profitieren, sagt Prof. Dr. Michael Domsgen, der das Zentrum als wissenschaftlicher Direktor leiten wird.<\/span><\/p>\n<p class=\"VELKDFlietext\"><span style=\"line-height:14.0pt\">Der Leitende Bischof der VELKD, Landesbischof Ralf Meister, begr\u00fc\u00dft die Entscheidung: \u201eDie Kirche befindet sich in einem grundlegenden Transformationsprozess. Zukunftsprozesse, Regionalisierungen, die Entwicklung tragf\u00e4higer Konzepte f\u00fcr eine kleiner werdende und zugleich kr\u00e4ftig ausstrahlende Kirche besch\u00e4ftigen uns auf allen Ebenen der kirchlichen Organisation. Diese Prozesse ber\u00fchren den Kern unseres Kirche-Seins und erfordern deshalb nicht nur Fachkompetenz in der Organisationsentwicklung, sondern auch theologische Reflexion. Es ist uns wichtig, die Expertise der VELKD auch zuk\u00fcnftig in Kirchen- und Gemeindeentwicklungsprozesse einzubringen. Wir sind dankbar, dass sich nach langen und intensiven Beratungen eine gute Perspektive f\u00fcr die Zukunft des Gemeindekollegs abzeichnet.\u201c<\/span><\/p>\n<p class=\"VELKDFlietext\"><span style=\"line-height:14pt\">Zur Vorbereitung der Entscheidung hatte die Kirchenleitung eine Arbeitsgruppe eingesetzt, zu der auch Vertreterinnen und Vertreter aus Beratungsinstituten, gemeindebezogenen Diensten und Einrichtungen der Gliedkirchen der Evangelischen Kirche in Deutschland (EKD) geh\u00f6rten. Die Arbeitsgruppe ist der Frage nachgegangen, welche Funktion die VELKD in diesem Handlungsfeld innerhalb der EKD k\u00fcnftig haben k\u00f6nnte, welche Konzeptionen und Kooperationen m\u00f6glich und sinnvoll erscheinen. Den Vorsitz der Arbeitsgruppe hatte Landesbischof Dr. Christoph Meyns (Braunschweig) inne.<\/span><\/p>\n<p class=\"VELKDFlietext\"><span style=\"line-height:14pt\">Das Gemeindekolleg der VELKD wurde am 29. September 1986 als Zentrum f\u00fcr Gemeindeentwicklung und Gemeindeaufbau in Celle gegr\u00fcndet; seit 2008 hatte es seinen Standort im Zinzendorfhaus in Neudietendorf bei Erfurt.<\/span><\/p>\n<p class=\"VELKDFlietext\"><span style=\"line-height:14pt\">Hannover, 4. Oktober 2021<\/span><\/p>\n<p class=\"VELKDFlietext\"><span style=\"line-height:14pt\">Pressestelle der VELKD<\/span><br \/><span style=\"line-height:14pt\">Henrike M\u00fcller<\/span><\/p>\n<\/div>\n","protected":false},"excerpt":{"rendered":"<p>04.10.2021Pressemitteilung Gemeindekolleg soll zur Forschungsstelle f\u00fcr Kirchen- und Gemeindeentwicklung weiterentwickelt werden Seit 35 Jahren bietet die Vereinigte Evangelisch-Lutherische Kirche Deutschlands<\/p>\n","protected":false},"author":1,"featured_media":611,"comment_status":"closed","ping_status":"closed","sticky":false,"template":"","format":"standard","meta":{"footnotes":""},"categories":[20],"tags":[],"_links":{"self":[{"href":"https:\/\/krankenhauspfarramt.de\/index.php\/wp-json\/wp\/v2\/posts\/3767"}],"collection":[{"href":"https:\/\/krankenhauspfarramt.de\/index.php\/wp-json\/wp\/v2\/posts"}],"about":[{"href":"https:\/\/krankenhauspfarramt.de\/index.php\/wp-json\/wp\/v2\/types\/post"}],"author":[{"embeddable":true,"href":"https:\/\/krankenhauspfarramt.de\/index.php\/wp-json\/wp\/v2\/users\/1"}],"replies":[{"embeddable":true,"href":"https:\/\/krankenhauspfarramt.de\/index.php\/wp-json\/wp\/v2\/comments?post=3767"}],"version-history":[{"count":1,"href":"https:\/\/krankenhauspfarramt.de\/index.php\/wp-json\/wp\/v2\/posts\/3767\/revisions"}],"predecessor-version":[{"id":3768,"href":"https:\/\/krankenhauspfarramt.de\/index.php\/wp-json\/wp\/v2\/posts\/3767\/revisions\/3768"}],"wp:featuredmedia":[{"embeddable":true,"href":"https:\/\/krankenhauspfarramt.de\/index.php\/wp-json\/wp\/v2\/media\/611"}],"wp:attachment":[{"href":"https:\/\/krankenhauspfarramt.de\/index.php\/wp-json\/wp\/v2\/media?parent=3767"}],"wp:term":[{"taxonomy":"category","embeddable":true,"href":"https:\/\/krankenhauspfarramt.de\/index.php\/wp-json\/wp\/v2\/categories?post=3767"},{"taxonomy":"post_tag","embeddable":true,"href":"https:\/\/krankenhauspfarramt.de\/index.php\/wp-json\/wp\/v2\/tags?post=3767"}],"curies":[{"name":"wp","href":"https:\/\/api.w.org\/{rel}","templated":true}]}}