{"id":3772,"date":"2021-10-04T17:27:37","date_gmt":"2021-10-04T17:27:37","guid":{"rendered":"https:\/\/krankenhauspfarramt.de\/index.php\/2021\/10\/04\/ekd-weite-orientierungslinien-fuer-das-evangelische-engagement-mit-und-fuer-familien-verabschiedet-ekd\/"},"modified":"2021-10-04T17:27:40","modified_gmt":"2021-10-04T17:27:40","slug":"ekd-weite-orientierungslinien-fuer-das-evangelische-engagement-mit-und-fuer-familien-verabschiedet-ekd","status":"publish","type":"post","link":"https:\/\/krankenhauspfarramt.de\/index.php\/2021\/10\/04\/ekd-weite-orientierungslinien-fuer-das-evangelische-engagement-mit-und-fuer-familien-verabschiedet-ekd\/","title":{"rendered":"EKD-weite Orientierungslinien f\u00fcr das evangelische Engagement mit und f\u00fcr Familien verabschiedet \u2013 EKD"},"content":{"rendered":"<p> <br \/>\n<\/p>\n<div id=\"\">\n<p><strong>Zwei Tage lang arbeiteten am 9. und 10. September 68 Leitungsverantwortliche aus allen Gliedkirchen der Evangelischen Kirche in Deutschland (EKD) und ihrer Diakonie an der Entwicklung von Orientierungslinien f\u00fcr die evangelische Arbeit mit Familien. Diese Orientierungslinien sollen dazu beitragen, die familienbezogenen Arbeitsfelder in evangelischer Verantwortung in eine gemeinsame Richtung zu entwickeln. Obwohl die evangelische Kirche mit ihrer Diakonie vielf\u00e4ltige Angebote f\u00fcr Familien mit teils sehr gro\u00dfer Reichweite mitten in die Gesellschaft und in die Vielfalt der Familien hinein vorh\u00e4lt, gab es bisher keine Verst\u00e4ndigung \u00fcber gemeinsame Orientierungslinien.<\/strong><\/p>\n<p>Die Leitungsverantwortlichen der Landeskirchen, der evangelischen Familienberatungsdienste, der Familiendiakonie, der evangelischen Familien- und Erwachsenenbildung, der Familienpolitik, der evangelischen Kindertagesst\u00e4tten, Schulen und der gottesdienstlichen und gemeindlichen Angebote f\u00fcr Familien entwickelten die Leitlinien in konsequenter Orientierung an den Lebenslagen, Bedarfen und an der Ziellinie aktiver Mitgestaltung von Familien. \u201eDass Familien in Deutschland viel leisten und oft nicht genug wahrgenommen werden, zeigte sich wieder in den Lockdowns in der Pandemiezeit. Die Orientierungslinien f\u00fcr das evangelische Engagement mit und f\u00fcr Familien r\u00fccken die konsequente Orientierung an den Lebenslagen, Bedarfen und der Mitgestaltungskraft von Familien als Expert:innen in eigener Sache in den Mittelpunkt evangelischer Konzeptionen. Wenn diese Orientierungslinien umgesetzt werden, ergeben sich chancenreiche neue Vernetzungen und gemeinsame konzeptionelle Ausrichtungen zwischen der Familienarbeit in Kirchengemeinden, familienbezogener Diakonie und Bildungsarbeit in deren Sozialraum\u201c, betont Birgit Sendler-Koschel, Leiterin der Bildungsabteilung im Kirchenamt der EKD.<\/p>\n<h3>Mehrj\u00e4hriger Prozess, um Familien zu st\u00e4rken<\/h3>\n<p>Zusammen mit der Bildungsabteilung, den Referaten f\u00fcr Kirchenentwicklung und Sozialpolitik der EKD, sowie der Diakonie Deutschland, der Kirchenleitung der Evangelischen Kirche in Berlin-Brandenburg-schlesische \u00dcberlausitz (Pr\u00f6pstin Bammel) und der Evangelischen Landeskirche in W\u00fcrttemberg (Synodenpr\u00e4sidentin Foth), den Verb\u00e4nden eaf, BETA und Gesamtverband f\u00fcr Kindergottesdienst wurde seit 2016 ein mehrj\u00e4hriger Prozess gestaltet. Er brachte erstmalig Verantwortliche aller Felder der evangelischen Familienarbeit zusammen und entwickelte die Orientierungslinien auf der Basis empirischer Studien zur Lebenslage von Familien in all ihrer Vielfalt.<\/p>\n<p>Ziel ist, dass die Familien in Deutschland die evangelische Kirche und ihre Diakonie noch erkennbarer als Chancengeberin und unterst\u00fctzende Gemeinschaft erleben, in der die Mitgestaltungsfreude von Familien, ihre Lebenslagen und Bedarfe gesehen und gef\u00f6rdert werden \u2013 mitten in den Herausforderungen des Alltags und auch bei der Suche nach Gott und den f\u00fcr die unterschiedlichen Familien stimmigen Formen gelebter Spiritualit\u00e4t, Tradition und Werteausrichtung. \u00a0\u00a0<\/p>\n<\/div>\n<div id=\"\">\n<div class=\"article--downloads download\">\n<figure class=\"image image__float\" style=\"z-index: 4; position: relative;\"><picture><source srcset=\"https:\/\/www.ekd.de\/ekd_de\/ds_img\/assets_789_x\/Orientierungslinien_fuer_das_evangelische_Engagement_mit_und_fuer_Familien-mR_rdax_263x353_60.jpg 1x, https:\/\/www.ekd.de\/ekd_de\/ds_img\/assets_789_x\/Orientierungslinien_fuer_das_evangelische_Engagement_mit_und_fuer_Familien-mR_rdax_526x706_60.jpg 2x, https:\/\/www.ekd.de\/ekd_de\/ds_img\/assets_789_x\/Orientierungslinien_fuer_das_evangelische_Engagement_mit_und_fuer_Familien-mR_rdax_60.jpg 3x\"><\/source><\/picture>\n<\/figure>\n<p><h3 class=\"primus--sub-headline\">Familie leben<\/h3>\n<\/p>\n<p><strong>Orientierungslinien f\u00fcr das evangelische Engagement mit und f\u00fcr Familien<\/strong><\/p>\n<\/p><\/div>\n<\/div>\n","protected":false},"excerpt":{"rendered":"<p>Zwei Tage lang arbeiteten am 9. und 10. September 68 Leitungsverantwortliche aus allen Gliedkirchen der Evangelischen Kirche in Deutschland (EKD)<\/p>\n","protected":false},"author":1,"featured_media":3773,"comment_status":"closed","ping_status":"closed","sticky":false,"template":"","format":"standard","meta":{"footnotes":""},"categories":[20],"tags":[],"_links":{"self":[{"href":"https:\/\/krankenhauspfarramt.de\/index.php\/wp-json\/wp\/v2\/posts\/3772"}],"collection":[{"href":"https:\/\/krankenhauspfarramt.de\/index.php\/wp-json\/wp\/v2\/posts"}],"about":[{"href":"https:\/\/krankenhauspfarramt.de\/index.php\/wp-json\/wp\/v2\/types\/post"}],"author":[{"embeddable":true,"href":"https:\/\/krankenhauspfarramt.de\/index.php\/wp-json\/wp\/v2\/users\/1"}],"replies":[{"embeddable":true,"href":"https:\/\/krankenhauspfarramt.de\/index.php\/wp-json\/wp\/v2\/comments?post=3772"}],"version-history":[{"count":1,"href":"https:\/\/krankenhauspfarramt.de\/index.php\/wp-json\/wp\/v2\/posts\/3772\/revisions"}],"predecessor-version":[{"id":3774,"href":"https:\/\/krankenhauspfarramt.de\/index.php\/wp-json\/wp\/v2\/posts\/3772\/revisions\/3774"}],"wp:featuredmedia":[{"embeddable":true,"href":"https:\/\/krankenhauspfarramt.de\/index.php\/wp-json\/wp\/v2\/media\/3773"}],"wp:attachment":[{"href":"https:\/\/krankenhauspfarramt.de\/index.php\/wp-json\/wp\/v2\/media?parent=3772"}],"wp:term":[{"taxonomy":"category","embeddable":true,"href":"https:\/\/krankenhauspfarramt.de\/index.php\/wp-json\/wp\/v2\/categories?post=3772"},{"taxonomy":"post_tag","embeddable":true,"href":"https:\/\/krankenhauspfarramt.de\/index.php\/wp-json\/wp\/v2\/tags?post=3772"}],"curies":[{"name":"wp","href":"https:\/\/api.w.org\/{rel}","templated":true}]}}