{"id":3775,"date":"2021-10-06T08:47:57","date_gmt":"2021-10-06T08:47:57","guid":{"rendered":"https:\/\/krankenhauspfarramt.de\/index.php\/2021\/10\/06\/37-robert-geisendoerfer-preis-fuer-hoerfunk-und-fernsehproduktionen-ekd\/"},"modified":"2021-10-06T08:47:59","modified_gmt":"2021-10-06T08:47:59","slug":"37-robert-geisendoerfer-preis-fuer-hoerfunk-und-fernsehproduktionen-ekd","status":"publish","type":"post","link":"https:\/\/krankenhauspfarramt.de\/index.php\/2021\/10\/06\/37-robert-geisendoerfer-preis-fuer-hoerfunk-und-fernsehproduktionen-ekd\/","title":{"rendered":"37. Robert Geisend\u00f6rfer Preis f\u00fcr H\u00f6rfunk- und Fernsehproduktionen \u2013 EKD"},"content":{"rendered":"<p> <br \/>\n<\/p>\n<div id=\"\">\n<p>Der Robert Geisend\u00f6rfer Preis f\u00fcr H\u00f6rfunk- und Fernsehproduktionen ist 2021 zur\u00fcck, pandemiebedingt als Fernsehdokumentation in 3sat am Sonntag, dem 10. Oktober 2021 um 12.15 Uhr. In der 45-min\u00fctigen Dokumentation (Autorin: Utta Seidenspinner) besucht 3sat-\u201eKulturzeit\u201c-Moderatorin Vivian Perkovic die Preistr\u00e4gerinnen und Preistr\u00e4ger und \u00fcberbringt den Medienpreis der evangelischen Kirche.<\/p>\n<p>\u201eWir freuen uns sehr \u00fcber das Engagement von 3sat! Die Doku erz\u00e4hlt spannend, macht neugierig auf die ausgezeichneten Sendungen, bringt das Anliegen des Preises gut zur Geltung und w\u00fcrdigt die Preistr\u00e4ger sehr wertsch\u00e4tzend\u201c, meint Thomas D\u00f6rken-Kucharz, Programmgesch\u00e4ftsf\u00fchrer des Robert Geisend\u00f6rfer Preises. Die Dokumentation ist bereits am 6. Oktober ab 9.00 Uhr in der 3satMediathek zu sehen: https:\/\/www.3sat.de\/kultur\/kultur-in-3sat\/geisendoerfer-preis-2021-100.html<\/p>\n<p>In diesem Jahr erhalten insgesamt sechs Produktionen den evangelischen Medienpreis. Die Jury \u201eAllgemeine Programme\u201c vergibt jeweils zwei Preise f\u00fcr H\u00f6rfunk- und Fernsehsendungen. Die Jury \u201eKinderprogramme\u201c verleiht ebenfalls zwei Preise. Au\u00dferdem findet die Ehrung des Sonderpreistr\u00e4gers der Jury 2021 statt.<\/p>\n<p>Die Jury \u201eAllgemeine Programme\u201c des Robert Geisend\u00f6rfer Preises unter Leitung des Vorsitzenden, Kirchenpr\u00e4sident Dr. Dr. h.c. Volker Jung, zeichnete folgende Produktionen aus:<\/p>\n<p><em>H\u00d6RFUNK<\/em><\/p>\n<p><strong>\u201eIch werde nicht hassen\u201c (H\u00f6rspiel)<\/strong><br \/><strong>an Izzeldin Abuelaish (Autor) <\/strong>und <strong>Claudia Johanna Leist (Regie)<\/strong><\/p>\n<p>WDR 2019, Redaktion: Musik und Radiokunst \u2013 H\u00f6rspiel. Verantwortliche Redakteurin: Isabel Platthaus. Begr\u00fcndung der Jury:<strong> <\/strong>Die autobiografische Geschichte des pal\u00e4stinensischen Arztes, der schlie\u00dflich nach Kanada emigriert und an der Universit\u00e4t Toronto lehrt, wird zur Vorlage f\u00fcr eine Theaterfassung und unter der Regie von Claudia Johanna Leist zum H\u00f6rspiel f\u00fcr die Ohren der Welt. W\u00fcrde auch ich nicht hassen, fragen sich die Zuh\u00f6rer:innen. Izzeldin Abuelaish gibt die Antwort schon in der ersten Minute des H\u00f6rspiels und dann immer wieder im Laufe seiner eigenen Geschichte. Wir h\u00f6ren seinen Appell an Verst\u00e4ndigung, seinen Aufruf f\u00fcr Frieden und N\u00e4chstenliebe, seine beeindruckende Absage an Krieg, Gewalt und Hass.<\/p>\n<p><strong>\u201eSack Reis \u2013 was geht Dich die Welt an?\u201c (Podcast)<\/strong><br \/><strong>an Steffi Fetz (Autorin\/Redaktion), <\/strong>die Moderatorin <strong>Merve Kayikci <\/strong>und die Moderatoren <strong>Malcolm Ohanwe <\/strong>und <strong>Ramin Sina <\/strong><\/p>\n<p>SWR 2020, Redaktion: Abteilung Ausland und Europa. Verantwortliche Redakteurin: Karin Feltes. Begr\u00fcndung der Jury: \u201eN\u00e4he\u201c ist f\u00fcr den Nachrichtenwert einer Meldung und f\u00fcr das Interesse der Zuh\u00f6renden ziemlich entscheidend. Der SWR-Podcast \u201eSack Reis\u201c spielt gekonnt mit der scheinbaren Irrelevanz von Ereignissen, die weit weg sind und einen nichts angehen. Er stellt auf verbl\u00fcffend einfache Weise \u201eN\u00e4he\u201c her: Junge Menschen erleben im Eins-zu-eins-Gespr\u00e4ch Gleichaltrige aus anderen Teilen der Welt und bekommen quasi ungefiltert sehr lebendige Einblicke in das Leben und die Situation in anderen L\u00e4ndern.<\/p>\n<p><em>FERNSEHEN <\/em><\/p>\n<p><strong>\u201eColonia Dignidad \u2013 Aus dem Innern einer deutschen Sekte\u201c (Dokumentation)<\/strong><br \/><strong>an Annette Baumeister (Autorin und Regie) und Wilfried Huismann (Autor und Regie) <\/strong><\/p>\n<p>ARTE in Coproduktion mit WDR und SWR, 2020, Redaktion: Peter Gottschalk (ARTE), Christiane Hinz und Barbara Schmitz (WDR). Begr\u00fcndung der Jury: Mit ihrem dokumentarischen Vierteiler \u201eColonia Dignidad \u2013 Aus dem Innern einer deutschen Sekte\u201c ist Annette Baumeister und Wilfried Huismann eine erdr\u00fcckend dichte Chronik eines \u00fcber drei Jahrzehnte andauernden Verbrechens meisterlich gelungen. Sie zeichnen minuti\u00f6s den Aufbau diktatorischer Strukturen und das Entstehen eines Staates im Staat nach. Diese drei Stunden und 47 Minuten Fernsehen sind ein Lehrst\u00fcck \u00fcber das Entstehen totaler Herrschaft.<\/p>\n<p><strong>\u201eDie Ungewollten \u2013 Die Irrfahrt der St. Louis\u201c (Dokudrama)<\/strong><br \/><strong>an Britta Hammelstein (Schauspielerin), Ulrich Noethen (Schauspieler), Susanne Beck (Autorin), Thomas Eifler (Autor) <\/strong>und <strong>Ben von Grafenstein (Regie) <\/strong><\/p>\n<p>NDR 2019, Programmbereich Kultur, Dokumentation &amp; Reportage. Verantwortliche Redakteure: Marc Brasse und Silke Sch\u00fctze. Produktion: UFA FICTION. Begr\u00fcndung der Jury: Der dokumentarische Spielfilm \u201eDie Ungewollten\u201c erz\u00e4hlt die wahre Geschichte der Flucht von 900 deutschen Juden aus Nazideutschland und ihrer Irrfahrt mit dem m\u00e4chtigen Passagierschiff St. Louis. Es gelingt Drehbuch und Regie, dieses Drama in einem genauen und fokussierten Kammerspiel zu erz\u00e4hlen. Seine Wucht erh\u00e4lt der Film auch durch die Schauspieler: Die Pr\u00e4senz von Ulrich Noethen, der die Rolle des Kapit\u00e4ns Schr\u00f6der mit ruhiger, nachdenklicher W\u00fcrde verk\u00f6rpert, tr\u00e4gt die Produktion, ebenso wie Britta Hammelstein als Martha Stern \u2013 und die gro\u00dfartige Musik, die den Film weitertreibt.<\/p>\n<p><em>KINDERMEDIENPREIS <\/em><\/p>\n<p>Die Jury \u201eKinderprogramme\u201c des Robert Geisend\u00f6rfer Preises unter Leitung des Vorsitzenden, Pfarrer Bernd Merz, zeichnet folgende Produktionen aus:<\/p>\n<p><strong>\u201eDas M\u00e4dchen mit den langen Haaren \u2013 Schau in meine Welt\u201c (Fernsehepisode)<\/strong><br \/><strong>an Agnes Lisa Wegner (Autorin\/Regie) <\/strong><\/p>\n<p>SWR 2020, Redaktion: Kinder- und Familienprogramm. Verantwortliche Redakteurin: Claudia Schwab. Produktion: KURHAUS PRODUCTION. Produzenten: Christoph Holthof und Daniel Reich. Begr\u00fcndung der Jury: \u201eDas M\u00e4dchen mit den langen Haaren\u201c (SWR) aus der Kika-Reihe \u201eSchau in meine Welt\u201c ist die Verbeugung vor einem Kind, das g\u00e4nzlich aus uneigenn\u00fctziger N\u00e4chstenliebe handelt. Preistr\u00e4gerin Agnes Lisa Wegner zeigt mit ihrem Film, welchen Gewinn freudvolles Geben darstellen kann.<\/p>\n<p><strong>\u201eWir kriegen ein Baby \u2013 Die Sendung mit dem Elefanten\u201c (Fernsehepisode) <\/strong><strong>an Renate Bleichenbach (Regie), Britta de Matteis (Autorin\/Protagonistin) und Markus Tomsche (Kamera)<\/strong><\/p>\n<p>WDR 2020, Redaktion: Unterhaltung, Familie und Kinder. Verantwortliche Redakteurin: Heike Sistig. Begr\u00fcndung der Jury: Die Episode \u201eWir kriegen ein Baby\u201c aus der WDR-Reihe \u201eDie Sendung mit dem Elefanten\u201c feiert das Wunder des Lebens, ohne kitschig, pathetisch oder gar peinlich zu werden. \u201eBesser\u201c, befand die Jury, \u201ekann man es fast nicht machen.\u201c<\/p>\n<p><em>DER SONDERPREIS DER JURY 2021<\/em><\/p>\n<p>Der Sonderpreis der Jury des Robert Geisend\u00f6rfer Preises 2021 geht in diesem Jahr an die Moderatoren <strong>Joachim (Joko) Winterscheidt und Klaas Heufer-Umlauf<\/strong>.<\/p>\n<p>Begr\u00fcndung der Jury: Joachim (Joko) Winterscheidt und Klaas Heufer-Umlauf haben ihre \u201egegen\u201c ProSieben gewonnene Sendezeit f\u00fcr Themen wie Seenotrettung von Fl\u00fcchtlingen, Einsatz gegen Rechts und Obdachlosenhilfe genutzt. Besonders beeindruckt zeigte sich die Jury von der siebenst\u00fcndigen Dokumentation zum Pflegenotstand. Sie war inhaltlich \u00fcberzeugend und zudem formal innovativ. Mit ihren \u201eGewinneinl\u00f6sungen\u201c haben sie zur Primetime eine j\u00fcngere Zielgruppe auf \u00fcberraschende und ernsthafte Weise mit den Themen und Werten konfrontiert, f\u00fcr die der Robert Geisend\u00f6rfer Preis steht: \u201eSprachlosen eine Stimme geben und F\u00fcrsprache \u00fcben\u201c.<\/p>\n<p>An dem Wettbewerb beteiligen sich j\u00e4hrlich \u00f6ffentlich-rechtliche und private Rundfunkveranstalter. Ausgezeichnet werden Sendungen aus allen Programmsparten, die das pers\u00f6nliche und soziale Verantwortungsbewusstsein st\u00e4rken, zum guten Miteinander von Einzelnen, Gruppen, V\u00f6lkern und zur gegenseitigen Achtung der Geschlechter beitragen. Die Preise sind insgesamt mit 30.000 Euro dotiert, der Sonderpreis ist undotiert.<\/p>\n<p><strong>Weitere Informationen: <\/strong>www.geisendoerferpreis.de<\/p>\n<p><strong>Presse- und Bildmaterial finden Sie zum Download unter: <\/strong><\/p>\n<p>https:\/\/cloud.gep.de\/index.php\/s\/C9oFgyaJrPtNXm9<br \/>(Passwort: Geisend\u00f6rfer2021)<\/p>\n<p>Hannover, 6. Oktober 2021<\/p>\n<p class=\"EKDAdressdaten\">Pressestelle der EKD<\/p>\n<\/div>\n","protected":false},"excerpt":{"rendered":"<p>Der Robert Geisend\u00f6rfer Preis f\u00fcr H\u00f6rfunk- und Fernsehproduktionen ist 2021 zur\u00fcck, pandemiebedingt als Fernsehdokumentation in 3sat am Sonntag, dem 10.<\/p>\n","protected":false},"author":1,"featured_media":569,"comment_status":"closed","ping_status":"closed","sticky":false,"template":"","format":"standard","meta":{"footnotes":""},"categories":[20],"tags":[],"_links":{"self":[{"href":"https:\/\/krankenhauspfarramt.de\/index.php\/wp-json\/wp\/v2\/posts\/3775"}],"collection":[{"href":"https:\/\/krankenhauspfarramt.de\/index.php\/wp-json\/wp\/v2\/posts"}],"about":[{"href":"https:\/\/krankenhauspfarramt.de\/index.php\/wp-json\/wp\/v2\/types\/post"}],"author":[{"embeddable":true,"href":"https:\/\/krankenhauspfarramt.de\/index.php\/wp-json\/wp\/v2\/users\/1"}],"replies":[{"embeddable":true,"href":"https:\/\/krankenhauspfarramt.de\/index.php\/wp-json\/wp\/v2\/comments?post=3775"}],"version-history":[{"count":1,"href":"https:\/\/krankenhauspfarramt.de\/index.php\/wp-json\/wp\/v2\/posts\/3775\/revisions"}],"predecessor-version":[{"id":3776,"href":"https:\/\/krankenhauspfarramt.de\/index.php\/wp-json\/wp\/v2\/posts\/3775\/revisions\/3776"}],"wp:featuredmedia":[{"embeddable":true,"href":"https:\/\/krankenhauspfarramt.de\/index.php\/wp-json\/wp\/v2\/media\/569"}],"wp:attachment":[{"href":"https:\/\/krankenhauspfarramt.de\/index.php\/wp-json\/wp\/v2\/media?parent=3775"}],"wp:term":[{"taxonomy":"category","embeddable":true,"href":"https:\/\/krankenhauspfarramt.de\/index.php\/wp-json\/wp\/v2\/categories?post=3775"},{"taxonomy":"post_tag","embeddable":true,"href":"https:\/\/krankenhauspfarramt.de\/index.php\/wp-json\/wp\/v2\/tags?post=3775"}],"curies":[{"name":"wp","href":"https:\/\/api.w.org\/{rel}","templated":true}]}}