{"id":3777,"date":"2021-10-07T10:22:50","date_gmt":"2021-10-07T10:22:50","guid":{"rendered":"https:\/\/krankenhauspfarramt.de\/index.php\/2021\/10\/07\/robert-geisendoerfer-preis-fuer-sechs-medienproduktionen-ekd\/"},"modified":"2021-10-07T10:22:53","modified_gmt":"2021-10-07T10:22:53","slug":"robert-geisendoerfer-preis-fuer-sechs-medienproduktionen-ekd","status":"publish","type":"post","link":"https:\/\/krankenhauspfarramt.de\/index.php\/2021\/10\/07\/robert-geisendoerfer-preis-fuer-sechs-medienproduktionen-ekd\/","title":{"rendered":"Robert Geisend\u00f6rfer Preis f\u00fcr sechs Medienproduktionen \u2013 EKD"},"content":{"rendered":"<p> <br \/>\n<\/p>\n<div>\n<p>Die Moderatoren Joachim (Joko) Winterscheidt und Klaas Heufer-Umlauf werden als diesj\u00e4hrige Sonderpreistr\u00e4ger geehrt, wie bereits seit August bekannt ist. Anstelle einer Preisverleihung zeigt 3sat am 10. Oktober eine 45-min\u00fctige Preis-Dokumentation, die bereits seit diesem Mittwoch in der Mediathek des Senders verf\u00fcgbar ist. \u201eKulturzeit\u201c-Moderatorin Vivian Perkovic besucht darin die Preistr\u00e4gerinnen und Preistr\u00e4ger und \u00fcberbringt die Auszeichnung.<\/p>\n<p>Das H\u00f6rspiel \u201eIch werde nicht hassen\u201c \u00fcber einen pal\u00e4stinensischen Arzt, der nach Kanada emigriert und an der Universit\u00e4t Toronto lehrt, sei ein \u201eAppell an Verst\u00e4ndigung\u201c, lobte die Jury \u201eAllgemeine Programme\u201c unter dem Vorsitz des Kirchenpr\u00e4sidenten der Evangelischen Kirche in Hessen und Nassau, Volker Jung. Der Podcast \u201eSack Reis\u201c biete jungen Menschen \u201equasi ungefiltert sehr lebendige Einblicke in das Leben und die Situation in anderen L\u00e4ndern\u201c.<\/p>\n<p>Mit der vierteiligen Dokumentation \u201eColonia Dignidad\u201c sei eine \u201eerdr\u00fcckend dichte Chronik eines \u00fcber drei Jahrzehnte andauernden Verbrechens meisterlich gelungen\u201c, befand die Jury weiter. Der Film \u201eDie Ungewollten\u201c erhalte seine Wucht unter anderem durch die Schauspieler. Die Pr\u00e4senz von Ulrich Noethen, der die Rolle des Kapit\u00e4ns Schr\u00f6der mit ruhiger, nachdenklicher W\u00fcrde verk\u00f6rpere, trage die Produktion ebenso wie Britta Hammelstein als Martha Stern.<\/p>\n<p>Die Jury \u201eKinderprogramme\u201c unter Leitung des Vorsitzenden Bernd Merz lobte, die Folge \u201eDas M\u00e4dchen mit den langen Haaren\u201c aus der Kika-Reihe \u201eSchau in meine Welt\u201c zeige, \u201ewelchen Gewinn freudvolles Geben darstellen kann\u201c. Die Episode \u201eWir kriegen ein Baby\u201c aus der WDR-Serie \u201eDie Sendung mit dem Elefanten\u201c feiere das Wunder des Lebens, \u201eohne kitschig, pathetisch oder gar peinlich zu werden\u201c.<\/p>\n<p>Der Robert Geisend\u00f6rfer Preis wird seit 1983 j\u00e4hrlich im Gedenken an den Publizisten Robert Geisend\u00f6rfer (1910-1976) verliehen. 2020 fiel der Preis pandemiebedingt aus. Ausgezeichnet werden Sendungen aus allen Programmsparten, die das pers\u00f6nliche und soziale Verantwortungsbewusstsein st\u00e4rken und zur gegenseitigen Achtung der Geschlechter beitragen. Mit dem Sonderpreis wird jeweils eine exemplarische publizistische oder k\u00fcnstlerische Leistung gew\u00fcrdigt. Die Preise sind mit insgesamt 30.000 Euro dotiert, der Sonderpreis ist undotiert.<\/p>\n<p>Das GEP, dem die organisatorische Betreuung des Preises obliegt, ist die zentrale Medieneinrichtung der Evangelischen Kirche in Deutschland (EKD), ihrer Landeskirchen und Werke sowie der evangelischen Freikirchen. Zum GEP geh\u00f6rt unter anderem die Zentralredaktion des Evangelischen Pressedienstes (epd).\u00a0<\/p>\n<\/p><\/div>\n","protected":false},"excerpt":{"rendered":"<p>Die Moderatoren Joachim (Joko) Winterscheidt und Klaas Heufer-Umlauf werden als diesj\u00e4hrige Sonderpreistr\u00e4ger geehrt, wie bereits seit August bekannt ist. Anstelle<\/p>\n","protected":false},"author":1,"featured_media":3778,"comment_status":"closed","ping_status":"closed","sticky":false,"template":"","format":"standard","meta":{"footnotes":""},"categories":[20],"tags":[],"_links":{"self":[{"href":"https:\/\/krankenhauspfarramt.de\/index.php\/wp-json\/wp\/v2\/posts\/3777"}],"collection":[{"href":"https:\/\/krankenhauspfarramt.de\/index.php\/wp-json\/wp\/v2\/posts"}],"about":[{"href":"https:\/\/krankenhauspfarramt.de\/index.php\/wp-json\/wp\/v2\/types\/post"}],"author":[{"embeddable":true,"href":"https:\/\/krankenhauspfarramt.de\/index.php\/wp-json\/wp\/v2\/users\/1"}],"replies":[{"embeddable":true,"href":"https:\/\/krankenhauspfarramt.de\/index.php\/wp-json\/wp\/v2\/comments?post=3777"}],"version-history":[{"count":1,"href":"https:\/\/krankenhauspfarramt.de\/index.php\/wp-json\/wp\/v2\/posts\/3777\/revisions"}],"predecessor-version":[{"id":3779,"href":"https:\/\/krankenhauspfarramt.de\/index.php\/wp-json\/wp\/v2\/posts\/3777\/revisions\/3779"}],"wp:featuredmedia":[{"embeddable":true,"href":"https:\/\/krankenhauspfarramt.de\/index.php\/wp-json\/wp\/v2\/media\/3778"}],"wp:attachment":[{"href":"https:\/\/krankenhauspfarramt.de\/index.php\/wp-json\/wp\/v2\/media?parent=3777"}],"wp:term":[{"taxonomy":"category","embeddable":true,"href":"https:\/\/krankenhauspfarramt.de\/index.php\/wp-json\/wp\/v2\/categories?post=3777"},{"taxonomy":"post_tag","embeddable":true,"href":"https:\/\/krankenhauspfarramt.de\/index.php\/wp-json\/wp\/v2\/tags?post=3777"}],"curies":[{"name":"wp","href":"https:\/\/api.w.org\/{rel}","templated":true}]}}