{"id":3783,"date":"2021-10-07T18:33:25","date_gmt":"2021-10-07T18:33:25","guid":{"rendered":"https:\/\/krankenhauspfarramt.de\/index.php\/2021\/10\/07\/religionsvertreter-betonen-ihre-rolle-als-friedensstifter-ekd\/"},"modified":"2021-10-07T18:33:27","modified_gmt":"2021-10-07T18:33:27","slug":"religionsvertreter-betonen-ihre-rolle-als-friedensstifter-ekd","status":"publish","type":"post","link":"https:\/\/krankenhauspfarramt.de\/index.php\/2021\/10\/07\/religionsvertreter-betonen-ihre-rolle-als-friedensstifter-ekd\/","title":{"rendered":"Religionsvertreter betonen ihre Rolle als Friedensstifter \u2013 EKD"},"content":{"rendered":"<p> <br \/>\n<\/p>\n<div>\n<p>Die Generalsekret\u00e4rin von \u201eReligions for Peace\u201c, Azza Karam, sagte, man habe sich in dem Statement klar zu multireligi\u00f6ser Kooperation bekannt. Krisenzeiten wie die Corona-Pandemie seien eine Chance, die man als multireligi\u00f6se zivilgesellschaftliche Organisation nutzen wolle, um gemeinsam Hilfe zu leisten, etwa bei einer gerechten Verteilung von Covid-19-Impfstoffen weltweit. Es sei ermutigend gewesen, dass bei der hybriden Tagung generationen\u00fcbergreifend diskutiert worden sei.<\/p>\n<p>An der hybriden Konferenz unter dem Motto \u201eGenerationen im Dialog\u201c hatten seit Montag mehr als 600 Religionsvertreter, Diplomaten und Experten aus 90 L\u00e4ndern teilgenommen &#8211; die Mehrheit davon digital. Inhaltlich ging es um die drei Themenkomplexe \u201eFrieden und Sicherheit\u201c, \u201eUmweltschutz\u201c und \u201eHumanit\u00e4re Arbeit\u201c. Die Bewegung \u201eReligions for Peace\u201c hat sich 1970 gegr\u00fcndet und setzt sich f\u00fcr weltweiten interreligi\u00f6sen Dialog ein.<\/p>\n<\/p><\/div>\n","protected":false},"excerpt":{"rendered":"<p>Die Generalsekret\u00e4rin von \u201eReligions for Peace\u201c, Azza Karam, sagte, man habe sich in dem Statement klar zu multireligi\u00f6ser Kooperation bekannt.<\/p>\n","protected":false},"author":1,"featured_media":3784,"comment_status":"closed","ping_status":"closed","sticky":false,"template":"","format":"standard","meta":{"footnotes":""},"categories":[20],"tags":[],"_links":{"self":[{"href":"https:\/\/krankenhauspfarramt.de\/index.php\/wp-json\/wp\/v2\/posts\/3783"}],"collection":[{"href":"https:\/\/krankenhauspfarramt.de\/index.php\/wp-json\/wp\/v2\/posts"}],"about":[{"href":"https:\/\/krankenhauspfarramt.de\/index.php\/wp-json\/wp\/v2\/types\/post"}],"author":[{"embeddable":true,"href":"https:\/\/krankenhauspfarramt.de\/index.php\/wp-json\/wp\/v2\/users\/1"}],"replies":[{"embeddable":true,"href":"https:\/\/krankenhauspfarramt.de\/index.php\/wp-json\/wp\/v2\/comments?post=3783"}],"version-history":[{"count":1,"href":"https:\/\/krankenhauspfarramt.de\/index.php\/wp-json\/wp\/v2\/posts\/3783\/revisions"}],"predecessor-version":[{"id":3785,"href":"https:\/\/krankenhauspfarramt.de\/index.php\/wp-json\/wp\/v2\/posts\/3783\/revisions\/3785"}],"wp:featuredmedia":[{"embeddable":true,"href":"https:\/\/krankenhauspfarramt.de\/index.php\/wp-json\/wp\/v2\/media\/3784"}],"wp:attachment":[{"href":"https:\/\/krankenhauspfarramt.de\/index.php\/wp-json\/wp\/v2\/media?parent=3783"}],"wp:term":[{"taxonomy":"category","embeddable":true,"href":"https:\/\/krankenhauspfarramt.de\/index.php\/wp-json\/wp\/v2\/categories?post=3783"},{"taxonomy":"post_tag","embeddable":true,"href":"https:\/\/krankenhauspfarramt.de\/index.php\/wp-json\/wp\/v2\/tags?post=3783"}],"curies":[{"name":"wp","href":"https:\/\/api.w.org\/{rel}","templated":true}]}}