{"id":3789,"date":"2021-10-12T11:14:03","date_gmt":"2021-10-12T11:14:03","guid":{"rendered":"https:\/\/krankenhauspfarramt.de\/index.php\/2021\/10\/12\/ekd-praeses-anna-nicole-heinrich-gibt-kandidatinnen-fuer-den-rat-bekannt-ekd\/"},"modified":"2021-10-12T11:14:05","modified_gmt":"2021-10-12T11:14:05","slug":"ekd-praeses-anna-nicole-heinrich-gibt-kandidatinnen-fuer-den-rat-bekannt-ekd","status":"publish","type":"post","link":"https:\/\/krankenhauspfarramt.de\/index.php\/2021\/10\/12\/ekd-praeses-anna-nicole-heinrich-gibt-kandidatinnen-fuer-den-rat-bekannt-ekd\/","title":{"rendered":"EKD-Pr\u00e4ses Anna-Nicole Heinrich gibt Kandidat:innen f\u00fcr den Rat bekannt \u2013 EKD"},"content":{"rendered":"<p> <br \/>\n<\/p>\n<div id=\"\">\n<p class=\"EKDAdresse\">Die Pr\u00e4ses der Synode der Evangelischen Kirche in Deutschland (EKD), Anna-Nicole Heinrich, hat heute (12. Oktober 2021) den Wahlberechtigten f\u00fcr die Wahl des neuen Rates der EKD die vorgeschlagenen Kandidat:innen mitgeteilt.<\/p>\n<p class=\"EKDAdresse\">Der Wahlvorschlag des Ratswahlausschusses umfasst insgesamt 22 Personen, davon elf Frauen und elf M\u00e4nner. Es kandidieren 13 Theolog:innen und neun Personen anderer Profession, die sich ehrenamtlich in der evangelischen Kirche engagieren. \u201eIch freue mich, dass so viele Menschen bereit sind, die Zukunft der Kirche im Rat der EKD mitzugestalten und ihre unterschiedlichen F\u00e4higkeiten einbringen wollen\u201c, sagte Heinrich.<\/p>\n<p class=\"EKDAdresse\">Dem Rat der EKD, der f\u00fcr sechs Jahre gew\u00e4hlt wird, geh\u00f6ren 15 Mitglieder an. 14 dieser Mitglieder werden gemeinsam von Synode und Kirchenkonferenz gew\u00e4hlt. Die Pr\u00e4ses der Synode steht kraft ihres Amtes als Mitglied des neuen Rates bereits fest. Der Rat leitet die EKD in allen Angelegenheiten, die nicht ausdr\u00fccklich anderen Organen vorbehalten sind. Insbesondere soll er mit theologischer und missionarischer Arbeit die Gemeinschaft der Gliedkirchen in der EKD bef\u00f6rdern, f\u00fcr die Zusammenarbeit der kirchlichen Werke und Verb\u00e4nde in allen Bereichen sorgen, die evangelische Kirche in der \u00d6ffentlichkeit vertreten und zu Fragen des religi\u00f6sen und gesellschaftlichen Lebens Stellung nehmen.<\/p>\n<p class=\"EKDAdresse\">Der neue Rat wird w\u00e4hrend der 2. Tagung der 13. Synode der EKD, die vom 7.\u00a0bis 10. November in Bremen stattfindet, erstmals digital gew\u00e4hlt. Wahlberechtigt sind die 128 Mitglieder der 13. EKD-Synode und die in der Kirchenkonferenz vertretenen Kirchenleitungen der 20 Landeskirchen. Dabei hat jede Landeskirche eine Stimme.<\/p>\n<p class=\"EKDAdresse\">Am Sonntag, 7. November, ist die Vorstellung der Kandidat:innen vorgesehen; die Wahl selbst ist f\u00fcr 9. November, geplant. Weitere Kandidat:innen k\u00f6nnen von den Wahlberechtigten vorgeschlagen werden.<\/p>\n<p class=\"EKDAdresse\">Die Wahlen zum Vorsitz und stellvertretenden Vorsitz im Rat der EKD werden am Mittwoch, 10. November, auf Vorschlag des Rates von Synode und Kirchenkonferenz stattfinden.<\/p>\n<p class=\"EKDAdresse\">Die Ratsmitglieder werden im Abschlussgottesdienst der Synode am 10.\u00a0November in ihr Amt eingef\u00fchrt.<\/p>\n<p class=\"EKDAdresse\">Hinweis: Alle Informationen zu den Kandidat:innen finden Sie auf: www.ekd.de\/kandidaten-ratswahl<\/p>\n<p class=\"EKDAdresse\">\u00a0<\/p>\n<p class=\"EKDAdresse\"><strong>Liste der Kandidat:innen\u00a0f\u00fcr die Wahl des Rates der EKD 2021 \u2013 2027<\/strong><br \/>(in alphabetischer Reihenfolge)<\/p>\n<p class=\"EKDAdresse\">1. Prof. Dr. Dr. Andreas Barner, Unternehmer, Ingelheim am Rhein<\/p>\n<p class=\"EKDAdresse\">2. Tobias Bilz, Bischof, Dresden<\/p>\n<p class=\"EKDAdresse\">3. Sabine Bl\u00fctchen, Rechtsanw\u00e4ltin, Oldenburg<\/p>\n<p class=\"EKDAdresse\">4. Dr. Michael Diener, Dekan von Germersheim<\/p>\n<p class=\"EKDAdresse\">5. Dr. Michael Domsgen, Professor f\u00fcr Evangelische Religionsp\u00e4dagogik an der Theologischen Fakult\u00e4t der Martin-Luther-Universit\u00e4t Halle-Wittenberg<\/p>\n<p class=\"EKDAdresse\">6. Dr. Tobias Faix, Professor f\u00fcr Praktische Theologie an der CVJM-Hochschule in Kassel<\/p>\n<p class=\"EKDAdresse\">7. Kirsten Fehrs, Bisch\u00f6fin, Hamburg<\/p>\n<p class=\"EKDAdresse\">8. Dr. Matthias Fichtm\u00fcller, Theologischer Vorstand des Oberlinhaus, Potsdam<\/p>\n<p class=\"EKDAdresse\">9. Kerstin Griese, MdB, Parl. Staatssekret\u00e4rin, Ratingen<\/p>\n<p class=\"EKDAdresse\">10. Miriam Hollstein, Chefreporterin in der FUNKE Zentralredaktion<\/p>\n<p class=\"EKDAdresse\">11. Dr. Jacob Joussen, Professor f\u00fcr B\u00fcrgerliches Recht, Dt. und Europ\u00e4isches Arbeitsrecht und Sozialrecht, Bochum<\/p>\n<p class=\"EKDAdresse\">12. Dr. Claudia Jahnel, Professorin f\u00fcr Interkulturelle Theologie und K\u00f6rperlichkeit an der Ruhr-Universit\u00e4t Bochum<\/p>\n<p class=\"EKDAdresse\">13. Dr. Volker Jung, Kirchenpr\u00e4sident, Darmstadt<\/p>\n<p class=\"EKDAdresse\">14. Dr. h.c. Annette Kurschus, Pr\u00e4ses, Bielefeld<\/p>\n<p class=\"EKDAdresse\">15. Dr. Silke Lechner, Stellvertretende Leiterin des Referats Religion und Au\u00dfenpolitik im Ausw\u00e4rtigen Amt, Berlin<\/p>\n<p class=\"EKDAdresse\">16. Dr. Anna von Notz, Wissenschaftliche Mitarbeiterin des Bundesverfassungsgerichts und Mitglied des Redaktionsrats des Verfassungsblog<\/p>\n<p class=\"EKDAdresse\">17. Thomas Rachel, MdB, Parl. Staatssekret\u00e4r, D\u00fcren<\/p>\n<p class=\"EKDAdresse\">18. Stefan Reimers, St\u00e4ndiger Vertreter des Landesbischofs, Leiter der Abteilung F &#8222;Personal&#8220; im Landeskirchenamt, M\u00fcnchen<\/p>\n<p class=\"EKDAdresse\">19. Julia Sch\u00f6nbeck, Theologie-Studentin, G\u00f6ttingen<\/p>\n<p class=\"EKDAdresse\">20. Dr. Stephanie Springer, Pr\u00e4sidentin des Landeskirchenamts der Ev.-luth. Landeskirche Hannovers, Hannover<\/p>\n<p class=\"EKDAdresse\">21. Dr. Christian St\u00e4blein, Bischof, Berlin<\/p>\n<p class=\"EKDAdresse\">22. Josephine Teske, Pastorin, B\u00fcdelsdorf<\/p>\n<p class=\"EKDAdresse\">Hannover, 12. Oktober 2021<\/p>\n<p class=\"EKDAdresse\">Pressestelle der EKD<br \/>Annika Lukas<\/p>\n<\/div>\n","protected":false},"excerpt":{"rendered":"<p>Die Pr\u00e4ses der Synode der Evangelischen Kirche in Deutschland (EKD), Anna-Nicole Heinrich, hat heute (12. Oktober 2021) den Wahlberechtigten f\u00fcr<\/p>\n","protected":false},"author":1,"featured_media":3790,"comment_status":"closed","ping_status":"closed","sticky":false,"template":"","format":"standard","meta":{"footnotes":""},"categories":[20],"tags":[],"_links":{"self":[{"href":"https:\/\/krankenhauspfarramt.de\/index.php\/wp-json\/wp\/v2\/posts\/3789"}],"collection":[{"href":"https:\/\/krankenhauspfarramt.de\/index.php\/wp-json\/wp\/v2\/posts"}],"about":[{"href":"https:\/\/krankenhauspfarramt.de\/index.php\/wp-json\/wp\/v2\/types\/post"}],"author":[{"embeddable":true,"href":"https:\/\/krankenhauspfarramt.de\/index.php\/wp-json\/wp\/v2\/users\/1"}],"replies":[{"embeddable":true,"href":"https:\/\/krankenhauspfarramt.de\/index.php\/wp-json\/wp\/v2\/comments?post=3789"}],"version-history":[{"count":1,"href":"https:\/\/krankenhauspfarramt.de\/index.php\/wp-json\/wp\/v2\/posts\/3789\/revisions"}],"predecessor-version":[{"id":3791,"href":"https:\/\/krankenhauspfarramt.de\/index.php\/wp-json\/wp\/v2\/posts\/3789\/revisions\/3791"}],"wp:featuredmedia":[{"embeddable":true,"href":"https:\/\/krankenhauspfarramt.de\/index.php\/wp-json\/wp\/v2\/media\/3790"}],"wp:attachment":[{"href":"https:\/\/krankenhauspfarramt.de\/index.php\/wp-json\/wp\/v2\/media?parent=3789"}],"wp:term":[{"taxonomy":"category","embeddable":true,"href":"https:\/\/krankenhauspfarramt.de\/index.php\/wp-json\/wp\/v2\/categories?post=3789"},{"taxonomy":"post_tag","embeddable":true,"href":"https:\/\/krankenhauspfarramt.de\/index.php\/wp-json\/wp\/v2\/tags?post=3789"}],"curies":[{"name":"wp","href":"https:\/\/api.w.org\/{rel}","templated":true}]}}