{"id":3792,"date":"2021-10-12T12:12:58","date_gmt":"2021-10-12T12:12:58","guid":{"rendered":"https:\/\/krankenhauspfarramt.de\/index.php\/2021\/10\/12\/evangelische-kirche-legt-namen-fuer-ratswahl-vor-ekd\/"},"modified":"2021-10-12T12:13:00","modified_gmt":"2021-10-12T12:13:00","slug":"evangelische-kirche-legt-namen-fuer-ratswahl-vor-ekd","status":"publish","type":"post","link":"https:\/\/krankenhauspfarramt.de\/index.php\/2021\/10\/12\/evangelische-kirche-legt-namen-fuer-ratswahl-vor-ekd\/","title":{"rendered":"Evangelische Kirche legt Namen f\u00fcr Ratswahl vor \u2013 EKD"},"content":{"rendered":"<p> <br \/>\n<\/p>\n<div>\n<p>Neun Kandidatinnen und Kandidaten waren schon im alten Rat, dessen Amtszeit im November endet. Darunter sind der Unternehmer Andreas Barner, der evangelische Theologe Michael Diener, die Parlamentarische Staatssekret\u00e4rin Kerstin Griese (SPD) sowie der Parlamentarische Staatssekret\u00e4r Thomas Rachel (CDU). Aufgestellt werden zudem die leitenden Geistlichen Bischof Tobias Bilz (Dresden), Bisch\u00f6fin Kirsten Fehrs (Hamburg), Kirchenpr\u00e4sident Volker Jung (Darmstadt), die westf\u00e4lische Pr\u00e4ses Annette Kurschus und der Berliner Bischof Christian St\u00e4blein. Auf der Liste finden sich auch Miriam Hollstein, Chefreporterin in der Funke Zentralredaktion, sowie die Pastorin Josephine Teske aus der Nordkirche.<\/p>\n<p>Sie freue sich, \u201edass so viele Menschen bereit sind, die Zukunft der Kirche im Rat der EKD mitzugestalten und ihre unterschiedlichen F\u00e4higkeiten einbringen wollen\u201c, erkl\u00e4rte Pr\u00e4ses Heinrich. Dem Rat der EKD, der f\u00fcr sechs Jahre gew\u00e4hlt wird, geh\u00f6ren 15 Mitglieder an. 14 dieser Mitglieder werden gemeinsam von Synode und Kirchenkonferenz gew\u00e4hlt. Die im Mai gew\u00e4hlte Pr\u00e4ses der Synode steht kraft ihres Amtes als Mitglied des neuen Rates bereits fest.<\/p>\n<p>Der neue Rat wird w\u00e4hrend der 2. Tagung der 13. Synode der EKD gew\u00e4hlt, die vom 7. bis 10. November in Bremen stattfindet. Wahlberechtigt sind die 128 Mitglieder der 13. EKD-Synode und die in der Kirchenkonferenz vertretenen Kirchenleitungen der 20 Landeskirchen. Dabei hat jede Landeskirche eine Stimme. Weitere Personen k\u00f6nnen von den Wahlberechtigten vorgeschlagen werden.<\/p>\n<\/p><\/div>\n","protected":false},"excerpt":{"rendered":"<p>Neun Kandidatinnen und Kandidaten waren schon im alten Rat, dessen Amtszeit im November endet. Darunter sind der Unternehmer Andreas Barner,<\/p>\n","protected":false},"author":1,"featured_media":3790,"comment_status":"closed","ping_status":"closed","sticky":false,"template":"","format":"standard","meta":{"footnotes":""},"categories":[20],"tags":[],"_links":{"self":[{"href":"https:\/\/krankenhauspfarramt.de\/index.php\/wp-json\/wp\/v2\/posts\/3792"}],"collection":[{"href":"https:\/\/krankenhauspfarramt.de\/index.php\/wp-json\/wp\/v2\/posts"}],"about":[{"href":"https:\/\/krankenhauspfarramt.de\/index.php\/wp-json\/wp\/v2\/types\/post"}],"author":[{"embeddable":true,"href":"https:\/\/krankenhauspfarramt.de\/index.php\/wp-json\/wp\/v2\/users\/1"}],"replies":[{"embeddable":true,"href":"https:\/\/krankenhauspfarramt.de\/index.php\/wp-json\/wp\/v2\/comments?post=3792"}],"version-history":[{"count":1,"href":"https:\/\/krankenhauspfarramt.de\/index.php\/wp-json\/wp\/v2\/posts\/3792\/revisions"}],"predecessor-version":[{"id":3793,"href":"https:\/\/krankenhauspfarramt.de\/index.php\/wp-json\/wp\/v2\/posts\/3792\/revisions\/3793"}],"wp:featuredmedia":[{"embeddable":true,"href":"https:\/\/krankenhauspfarramt.de\/index.php\/wp-json\/wp\/v2\/media\/3790"}],"wp:attachment":[{"href":"https:\/\/krankenhauspfarramt.de\/index.php\/wp-json\/wp\/v2\/media?parent=3792"}],"wp:term":[{"taxonomy":"category","embeddable":true,"href":"https:\/\/krankenhauspfarramt.de\/index.php\/wp-json\/wp\/v2\/categories?post=3792"},{"taxonomy":"post_tag","embeddable":true,"href":"https:\/\/krankenhauspfarramt.de\/index.php\/wp-json\/wp\/v2\/tags?post=3792"}],"curies":[{"name":"wp","href":"https:\/\/api.w.org\/{rel}","templated":true}]}}