{"id":3797,"date":"2021-10-14T13:14:45","date_gmt":"2021-10-14T13:14:45","guid":{"rendered":"https:\/\/krankenhauspfarramt.de\/index.php\/2021\/10\/14\/weltkirchenrat-beklagt-ungleichen-zugang-zu-impfungen-ekd\/"},"modified":"2021-10-14T13:14:48","modified_gmt":"2021-10-14T13:14:48","slug":"weltkirchenrat-beklagt-ungleichen-zugang-zu-impfungen-ekd","status":"publish","type":"post","link":"https:\/\/krankenhauspfarramt.de\/index.php\/2021\/10\/14\/weltkirchenrat-beklagt-ungleichen-zugang-zu-impfungen-ekd\/","title":{"rendered":"Weltkirchenrat beklagt ungleichen Zugang zu Impfungen \u2013 EKD"},"content":{"rendered":"<p> <br \/>\n<\/p>\n<div>\n<p>Der Bevollm\u00e4chtigte des Rates der Evangelischen Kirche in Deutschland bei der Bundesrepublik Deutschland und der Europ\u00e4ischen Union, Martin Dutzmann, betonte bei der Konferenz die globale Dimension des Coronavirus. Eines der Hauptprobleme bei der Eind\u00e4mmung der Pandemie sei der ungleiche Zugang zu Impfstoffen.<\/p>\n<p>Der \u00d6RK-Programmreferent f\u00fcr Gesundheit und Heilung, Mwai Makoka, beklagte eine \u00fcbertriebene Spezialisierung und Kommerzialisierung im Gesundheitswesen. Hoch spezialisierte Behandlungen gebe es h\u00e4ufig nur f\u00fcr einen kleinen Personenkreis.<\/p>\n<p>Im \u00d6kumenischen Rat der Kirchen (\u00d6RK) sind rund 350 christliche Kirchen mit mehr als 560 Millionen Mitgliedern zusammengeschlossen. Die katholische Kirche ist kein \u00d6RK-Mitglied.<\/p>\n<\/p><\/div>\n","protected":false},"excerpt":{"rendered":"<p>Der Bevollm\u00e4chtigte des Rates der Evangelischen Kirche in Deutschland bei der Bundesrepublik Deutschland und der Europ\u00e4ischen Union, Martin Dutzmann, betonte<\/p>\n","protected":false},"author":1,"featured_media":3798,"comment_status":"closed","ping_status":"closed","sticky":false,"template":"","format":"standard","meta":{"footnotes":""},"categories":[20],"tags":[],"_links":{"self":[{"href":"https:\/\/krankenhauspfarramt.de\/index.php\/wp-json\/wp\/v2\/posts\/3797"}],"collection":[{"href":"https:\/\/krankenhauspfarramt.de\/index.php\/wp-json\/wp\/v2\/posts"}],"about":[{"href":"https:\/\/krankenhauspfarramt.de\/index.php\/wp-json\/wp\/v2\/types\/post"}],"author":[{"embeddable":true,"href":"https:\/\/krankenhauspfarramt.de\/index.php\/wp-json\/wp\/v2\/users\/1"}],"replies":[{"embeddable":true,"href":"https:\/\/krankenhauspfarramt.de\/index.php\/wp-json\/wp\/v2\/comments?post=3797"}],"version-history":[{"count":1,"href":"https:\/\/krankenhauspfarramt.de\/index.php\/wp-json\/wp\/v2\/posts\/3797\/revisions"}],"predecessor-version":[{"id":3799,"href":"https:\/\/krankenhauspfarramt.de\/index.php\/wp-json\/wp\/v2\/posts\/3797\/revisions\/3799"}],"wp:featuredmedia":[{"embeddable":true,"href":"https:\/\/krankenhauspfarramt.de\/index.php\/wp-json\/wp\/v2\/media\/3798"}],"wp:attachment":[{"href":"https:\/\/krankenhauspfarramt.de\/index.php\/wp-json\/wp\/v2\/media?parent=3797"}],"wp:term":[{"taxonomy":"category","embeddable":true,"href":"https:\/\/krankenhauspfarramt.de\/index.php\/wp-json\/wp\/v2\/categories?post=3797"},{"taxonomy":"post_tag","embeddable":true,"href":"https:\/\/krankenhauspfarramt.de\/index.php\/wp-json\/wp\/v2\/tags?post=3797"}],"curies":[{"name":"wp","href":"https:\/\/api.w.org\/{rel}","templated":true}]}}