{"id":3810,"date":"2021-10-20T16:50:49","date_gmt":"2021-10-20T16:50:49","guid":{"rendered":"https:\/\/krankenhauspfarramt.de\/index.php\/2021\/10\/20\/musikrat-laedt-ein-zu-orgelmusik-in-zeiten-von-corona-ekd\/"},"modified":"2021-10-20T16:50:52","modified_gmt":"2021-10-20T16:50:52","slug":"musikrat-laedt-ein-zu-orgelmusik-in-zeiten-von-corona-ekd","status":"publish","type":"post","link":"https:\/\/krankenhauspfarramt.de\/index.php\/2021\/10\/20\/musikrat-laedt-ein-zu-orgelmusik-in-zeiten-von-corona-ekd\/","title":{"rendered":"Musikrat l\u00e4dt ein zu \u201eOrgelmusik in Zeiten von Corona\u201c \u2013 EKD"},"content":{"rendered":"<p> <br \/>\n<\/p>\n<div>\n<p>Das Projekt bringe neu komponierte Musik f\u00fcr Orgel in den l\u00e4ndlichen Raum ebenso wie in die St\u00e4dte, erkl\u00e4rte der Generalsekret\u00e4r des Deutschen Musikrates, Christian H\u00f6ppner: Nach der langen Zeit der coronabedingten Stille sei dies \u201eein wunderbares Signal einer starken Gemeinschaft, dass sich die Menschen bundesweit nun daf\u00fcr engagieren, \u00fcber Musik wieder in den Austausch zu kommen\u201c.<\/p>\n<p>In einem zentralen Festkonzert in der Berliner Lindenkirche am Ewigkeitssonntag (21. November) sollen alle 17 Kompositionen erklingen. Am Projekt \u201eOrgelmusik in Zeiten von Corona\u201c k\u00f6nnen sich den Angaben zufolge interessierte Gemeinden, Organistinnen und Organisten sowie Veranstalterinnen und Veranstalter mit eigenen Veranstaltungen beteiligen.<\/p>\n<\/p><\/div>\n","protected":false},"excerpt":{"rendered":"<p>Das Projekt bringe neu komponierte Musik f\u00fcr Orgel in den l\u00e4ndlichen Raum ebenso wie in die St\u00e4dte, erkl\u00e4rte der Generalsekret\u00e4r<\/p>\n","protected":false},"author":1,"featured_media":3811,"comment_status":"closed","ping_status":"closed","sticky":false,"template":"","format":"standard","meta":{"footnotes":""},"categories":[20],"tags":[],"_links":{"self":[{"href":"https:\/\/krankenhauspfarramt.de\/index.php\/wp-json\/wp\/v2\/posts\/3810"}],"collection":[{"href":"https:\/\/krankenhauspfarramt.de\/index.php\/wp-json\/wp\/v2\/posts"}],"about":[{"href":"https:\/\/krankenhauspfarramt.de\/index.php\/wp-json\/wp\/v2\/types\/post"}],"author":[{"embeddable":true,"href":"https:\/\/krankenhauspfarramt.de\/index.php\/wp-json\/wp\/v2\/users\/1"}],"replies":[{"embeddable":true,"href":"https:\/\/krankenhauspfarramt.de\/index.php\/wp-json\/wp\/v2\/comments?post=3810"}],"version-history":[{"count":1,"href":"https:\/\/krankenhauspfarramt.de\/index.php\/wp-json\/wp\/v2\/posts\/3810\/revisions"}],"predecessor-version":[{"id":3812,"href":"https:\/\/krankenhauspfarramt.de\/index.php\/wp-json\/wp\/v2\/posts\/3810\/revisions\/3812"}],"wp:featuredmedia":[{"embeddable":true,"href":"https:\/\/krankenhauspfarramt.de\/index.php\/wp-json\/wp\/v2\/media\/3811"}],"wp:attachment":[{"href":"https:\/\/krankenhauspfarramt.de\/index.php\/wp-json\/wp\/v2\/media?parent=3810"}],"wp:term":[{"taxonomy":"category","embeddable":true,"href":"https:\/\/krankenhauspfarramt.de\/index.php\/wp-json\/wp\/v2\/categories?post=3810"},{"taxonomy":"post_tag","embeddable":true,"href":"https:\/\/krankenhauspfarramt.de\/index.php\/wp-json\/wp\/v2\/tags?post=3810"}],"curies":[{"name":"wp","href":"https:\/\/api.w.org\/{rel}","templated":true}]}}