{"id":3813,"date":"2021-10-20T20:52:28","date_gmt":"2021-10-20T20:52:28","guid":{"rendered":"https:\/\/krankenhauspfarramt.de\/index.php\/2021\/10\/20\/kirche-feiert-reformationstag-mit-praesident-des-zentralrats-der-juden-in-wiesbaden-ekd\/"},"modified":"2021-10-20T20:52:30","modified_gmt":"2021-10-20T20:52:30","slug":"kirche-feiert-reformationstag-mit-praesident-des-zentralrats-der-juden-in-wiesbaden-ekd","status":"publish","type":"post","link":"https:\/\/krankenhauspfarramt.de\/index.php\/2021\/10\/20\/kirche-feiert-reformationstag-mit-praesident-des-zentralrats-der-juden-in-wiesbaden-ekd\/","title":{"rendered":"Kirche feiert Reformationstag mit Pr\u00e4sident des Zentralrats der Juden in Wiesbaden \u2013 EKD"},"content":{"rendered":"<p> <br \/>\n<\/p>\n<div>\n<p>Im Gottesdienst vor der Feier wird Kirchenpr\u00e4sident Jung predigen, die Liturgie gestalten unter anderen die stellvertretende Kirchenpr\u00e4sidentin Ulrike Scherf und Pfarrerin Ursula Kuhn. Der katholische Wiesbadener Stadtdekan Klaus Nebel sowie Dorothee Dziewas von der Arbeitsgemeinschaft Christlicher Kirchen wirken mit. Das interkulturelle Asambura-Ensemble wird Ausschnitte aus der zeitgen\u00f6ssischen Komposition \u201eMissa Melasurej\u201c spielen, ebenso singt der Kammerchor Wiesbaden.<\/p>\n<p>Am 31. Oktober erinnern Protestanten in aller Welt an den Beginn der Reformation im Jahr 1517. Damals ver\u00f6ffentlichte der Wittenberger Theologieprofessor und M\u00f6nch Martin Luther 95 Thesen mit Kritik an der Kirche und dem Ablasswesen. Die Folgen f\u00fchrten zum Bruch Luthers und seiner Anh\u00e4nger mit der Papstkirche und zum Entstehen der evangelischen Kirchen.<\/p>\n<\/p><\/div>\n","protected":false},"excerpt":{"rendered":"<p>Im Gottesdienst vor der Feier wird Kirchenpr\u00e4sident Jung predigen, die Liturgie gestalten unter anderen die stellvertretende Kirchenpr\u00e4sidentin Ulrike Scherf und<\/p>\n","protected":false},"author":1,"featured_media":3814,"comment_status":"closed","ping_status":"closed","sticky":false,"template":"","format":"standard","meta":{"footnotes":""},"categories":[20],"tags":[],"_links":{"self":[{"href":"https:\/\/krankenhauspfarramt.de\/index.php\/wp-json\/wp\/v2\/posts\/3813"}],"collection":[{"href":"https:\/\/krankenhauspfarramt.de\/index.php\/wp-json\/wp\/v2\/posts"}],"about":[{"href":"https:\/\/krankenhauspfarramt.de\/index.php\/wp-json\/wp\/v2\/types\/post"}],"author":[{"embeddable":true,"href":"https:\/\/krankenhauspfarramt.de\/index.php\/wp-json\/wp\/v2\/users\/1"}],"replies":[{"embeddable":true,"href":"https:\/\/krankenhauspfarramt.de\/index.php\/wp-json\/wp\/v2\/comments?post=3813"}],"version-history":[{"count":1,"href":"https:\/\/krankenhauspfarramt.de\/index.php\/wp-json\/wp\/v2\/posts\/3813\/revisions"}],"predecessor-version":[{"id":3815,"href":"https:\/\/krankenhauspfarramt.de\/index.php\/wp-json\/wp\/v2\/posts\/3813\/revisions\/3815"}],"wp:featuredmedia":[{"embeddable":true,"href":"https:\/\/krankenhauspfarramt.de\/index.php\/wp-json\/wp\/v2\/media\/3814"}],"wp:attachment":[{"href":"https:\/\/krankenhauspfarramt.de\/index.php\/wp-json\/wp\/v2\/media?parent=3813"}],"wp:term":[{"taxonomy":"category","embeddable":true,"href":"https:\/\/krankenhauspfarramt.de\/index.php\/wp-json\/wp\/v2\/categories?post=3813"},{"taxonomy":"post_tag","embeddable":true,"href":"https:\/\/krankenhauspfarramt.de\/index.php\/wp-json\/wp\/v2\/tags?post=3813"}],"curies":[{"name":"wp","href":"https:\/\/api.w.org\/{rel}","templated":true}]}}