{"id":3853,"date":"2021-10-27T14:14:09","date_gmt":"2021-10-27T14:14:09","guid":{"rendered":"https:\/\/krankenhauspfarramt.de\/index.php\/2021\/10\/27\/die-welt-braucht-dieses-zeugnis-ekd\/"},"modified":"2021-10-27T14:14:11","modified_gmt":"2021-10-27T14:14:11","slug":"die-welt-braucht-dieses-zeugnis-ekd","status":"publish","type":"post","link":"https:\/\/krankenhauspfarramt.de\/index.php\/2021\/10\/27\/die-welt-braucht-dieses-zeugnis-ekd\/","title":{"rendered":"\u201eDie Welt braucht dieses Zeugnis\u201c \u2013 EKD"},"content":{"rendered":"<p> <br \/>\n<\/p>\n<div id=\"\">\n<div class=\"article--meta article--meta__border clearfix\">\n<p>                                    <time datetime=\"27.10.2021 13:45\" class=\"article--time\">27.10.2021<\/time><strong class=\"article--type primus--overline\">Pressemitteilung<\/strong><\/p>\n<picture class=\"article--source-image image\"><source srcset=\"https:\/\/www.ekd.de\/ekd_de\/ds_img\/assets\/20170622_ekd-Quellenlogo_141_rdax_423x118.png\"><!--<source srcset=\"\/ekd_de\/ds_img\/assets\/20170622_ekd-Quellenlogo_141_rdax_141x39.png 1x, \/ekd_de\/ds_img\/assets\/20170622_ekd-Quellenlogo_141_rdax_282x78.png 2x, https:\/\/www.ekd.de\/ekd_de\/ds_img\/assets\/20170622_ekd-Quellenlogo_141_rdax_423x118.png 3x\">--><\/source><\/picture>\n<\/p><\/div>\n<h2 class=\"article--sub-headline primus--sub-headline\">Evangelische Kirche stellt Grundlagentext zur Bedeutung von Kirche und Evangelium f\u00fcr den Diskurs in einer pluralistischen Gesellschaft vor<\/h2>\n<\/p><\/div>\n<div id=\"\">\n<p>Nicht erst in der Corona-Krise ist deutlich geworden, dass eine moderne pluralistische Gesellschaft auf Orientierung und Zusammenhalt angewiesen ist. Unter der \u00dcberschrift \u201eVielfalt und Gemeinsinn\u201c hat die Evangelische Kirche in Deutschland (EKD) heute (27. Oktober) einen Grundlagentext ver\u00f6ffentlicht, der beschreibt, wie Pluralit\u00e4t und Diversit\u00e4t auf der einen und Gemeinsamkeit und Gemeinsinn auf der anderen Seite in unserer Gesellschaft ausbalanciert werden k\u00f6nnen und welchen Beitrag evangelisches Christentum dazu leistet. Eine zentrale Rolle kommt dabei, so eine Erkenntnis des Grundlagentextes, dem christlichen Gottesdienst zu. Dieser umfasst mehr als Kult und Ritus, sondern ist auch das Ein\u00fcben einer besonderen Haltung, die im Wissen um die Gemeinschaft im Glauben Vielfalt respektiert.<\/p>\n<p>\u201eAufgabe der Kirchen ist und bleibt es, einen Grundkonsens zu vermitteln, der zugleich Vielfalt erm\u00f6glicht\u201c, so der EKD-Ratsvorsitzende Bedford-Strohm bei der Vorstellung des Textes. \u201eWer heute die Zeitung aufschl\u00e4gt oder in sozialen Netzwerken unterwegs ist, st\u00f6\u00dft fast \u00fcberall auf \u00f6ffentlich diskutierte Themen, hinter denen letztlich ethische Fragen stehen.\u201c \u00dcber solche Fragen der Lebensf\u00fchrung und Lebenshaltung m\u00fcsse in einer demokratischen Zivilgesellschaft diskutiert werden. \u201eUnabh\u00e4ngig von der jeweiligen Mitgliederzahl bleiben die Kirchen und Religionsgemeinschaften f\u00fcr den Diskurs \u00fcber ethische Grundorientierungen wichtige Orte\u201c, so Bedford-Strohm. \u201eDie vielf\u00e4ltigen Aktivit\u00e4ten der Kirche schaffen die R\u00e4ume, in denen Vielfalt und Gemeinsinn ausbalanciert w\u00fcrden. Zugleich sei es unverzichtbar, dass sich die Kirchen auch in den gesellschaftlichen Diskurs aktiv einmischen und zu aktuellen Fragen Stellung beziehen. \u201eSalz der Erde kann die Kirche nicht werden, wenn das Salz auf einem eigenen Haufen neben der Welt liegt\u201c, so der EKD-Ratsvorsitzende. Die Kirche lebe aus der Authentizit\u00e4t ihres Glaubens und damit aus ihrer geistlichen Kraft und sie bezeugt diesen Glauben in allen Dimensionen, den privaten wie den politischen. \u201eDie Welt braucht dieses Zeugnis\u201c, so Bedford-Strohm.<\/p>\n<p>Erarbeitet wurde der Grundlagentext von der Kammer f\u00fcr \u00d6ffentliche Verantwortung. \u201eMit ihrer Stellungnahme zu einer dr\u00e4ngenden grundlegenden Herausforderung der freiheitlichen Demokratie in unserem Land f\u00fchrt der Text \u201eVielfalt und Gemeinsinn\u201c grundlegende kirchliche \u00c4u\u00dferungen zum Verh\u00e4ltnis von Kirche und Demokratie fort\u201c, so der M\u00fcnchner Theologieprofessor und Vorsitzende der Kammer, Reiner Anselm. \u201eDie besondere Ressource des christlichen Glaubens liegt darin, einen verbindenden Rahmen vorzugeben und gleichzeitig individuell vielf\u00e4ltige Positionierungen zu erm\u00f6glichen.\u201c<\/p>\n<p>Der Text ist online als PDF abrufbar unter www.ekd.de\/vielfalt und kann dort auch als Druckexemplar bestellt werden. Um 18 Uhr werden die Pr\u00e4ses der Synode der EKD, Anna-Nicole Heinrich, und der ehemalige Bundesminister Thomas de Maizi\u00e8re in der Franz\u00f6sischen Friedrichstadtkirche in Berlin \u00fcber die Schrift diskutieren.<\/p>\n<p class=\"EKDAdressdaten\">Hannover, 27. Oktober 2021<\/p>\n<p class=\"EKDAdressdaten\">Pressestelle der EKD<br \/>Carsten Splitt<\/p>\n<\/div>\n","protected":false},"excerpt":{"rendered":"<p>27.10.2021Pressemitteilung Evangelische Kirche stellt Grundlagentext zur Bedeutung von Kirche und Evangelium f\u00fcr den Diskurs in einer pluralistischen Gesellschaft vor Nicht<\/p>\n","protected":false},"author":1,"featured_media":3854,"comment_status":"closed","ping_status":"closed","sticky":false,"template":"","format":"standard","meta":{"footnotes":""},"categories":[20],"tags":[],"_links":{"self":[{"href":"https:\/\/krankenhauspfarramt.de\/index.php\/wp-json\/wp\/v2\/posts\/3853"}],"collection":[{"href":"https:\/\/krankenhauspfarramt.de\/index.php\/wp-json\/wp\/v2\/posts"}],"about":[{"href":"https:\/\/krankenhauspfarramt.de\/index.php\/wp-json\/wp\/v2\/types\/post"}],"author":[{"embeddable":true,"href":"https:\/\/krankenhauspfarramt.de\/index.php\/wp-json\/wp\/v2\/users\/1"}],"replies":[{"embeddable":true,"href":"https:\/\/krankenhauspfarramt.de\/index.php\/wp-json\/wp\/v2\/comments?post=3853"}],"version-history":[{"count":1,"href":"https:\/\/krankenhauspfarramt.de\/index.php\/wp-json\/wp\/v2\/posts\/3853\/revisions"}],"predecessor-version":[{"id":3855,"href":"https:\/\/krankenhauspfarramt.de\/index.php\/wp-json\/wp\/v2\/posts\/3853\/revisions\/3855"}],"wp:featuredmedia":[{"embeddable":true,"href":"https:\/\/krankenhauspfarramt.de\/index.php\/wp-json\/wp\/v2\/media\/3854"}],"wp:attachment":[{"href":"https:\/\/krankenhauspfarramt.de\/index.php\/wp-json\/wp\/v2\/media?parent=3853"}],"wp:term":[{"taxonomy":"category","embeddable":true,"href":"https:\/\/krankenhauspfarramt.de\/index.php\/wp-json\/wp\/v2\/categories?post=3853"},{"taxonomy":"post_tag","embeddable":true,"href":"https:\/\/krankenhauspfarramt.de\/index.php\/wp-json\/wp\/v2\/tags?post=3853"}],"curies":[{"name":"wp","href":"https:\/\/api.w.org\/{rel}","templated":true}]}}