{"id":3864,"date":"2021-10-28T18:12:19","date_gmt":"2021-10-28T18:12:19","guid":{"rendered":"https:\/\/krankenhauspfarramt.de\/index.php\/2021\/10\/28\/praeses-kurschus-erhaelt-oekumenischen-predigtpreis-ekd\/"},"modified":"2021-10-28T18:12:21","modified_gmt":"2021-10-28T18:12:21","slug":"praeses-kurschus-erhaelt-oekumenischen-predigtpreis-ekd","status":"publish","type":"post","link":"https:\/\/krankenhauspfarramt.de\/index.php\/2021\/10\/28\/praeses-kurschus-erhaelt-oekumenischen-predigtpreis-ekd\/","title":{"rendered":"Pr\u00e4ses Kurschus erh\u00e4lt \u00d6kumenischen Predigtpreis \u2013 EKD"},"content":{"rendered":"<p> <br \/>\n<\/p>\n<div>\n<p>Pr\u00e4ses Kurschus predigte beispielsweise im Jahr 2015 beim Gedenkgottesdienst f\u00fcr die Opfer des Germanwings-Absturzes im K\u00f6lner Dom und zu Ostern 2020 im ZDF-Gottesdienst w\u00e4hrend des ersten Corona-Lockdowns, wie es hie\u00df. Gerade die Predigten zu solchen besonderen Anl\u00e4ssen h\u00e4tten Vorbilder geliefert, \u201ewie Predigt heute aussehen kann\u201c, erkl\u00e4rte der Vorsitzende der Jury aus praxisorientierten theologischen Wissenschaftlerinnen und Wissenschaftlern verschiedener Konfessionen.<\/p>\n<p>Der Preis f\u00fcr die beste Einzelpredigt geht an den Rundfunkpastor beim NDR, Marco Voigt, f\u00fcr seinen Beitrag zum Thema \u201eH\u00f6ren\u201c. Die \u00f6ffentliche Verleihung des Predigtpreises soll den Dialog zwischen Kirche, Wissenschaft und Gesellschaft f\u00f6rdern.<\/p>\n<p>Der undotierte Preis w\u00fcrdigt seit 20 Jahren traditionell am Bu\u00df- und Bettag die Redekunst in den Kirchen. Zu den bisherigen Tr\u00e4gern des \u00f6kumenischen Predigtpreises in der Kategorie Lebenswerk z\u00e4hlen unter anderem Margot K\u00e4\u00dfmann, Hanns Dieter H\u00fcsch und Walter Jens. Die Preisverleihung in diesem Jahr ist am 17. November in der Namen-Jesu-Kirche in Bonn.<\/p>\n<\/p><\/div>\n","protected":false},"excerpt":{"rendered":"<p>Pr\u00e4ses Kurschus predigte beispielsweise im Jahr 2015 beim Gedenkgottesdienst f\u00fcr die Opfer des Germanwings-Absturzes im K\u00f6lner Dom und zu Ostern<\/p>\n","protected":false},"author":1,"featured_media":2077,"comment_status":"closed","ping_status":"closed","sticky":false,"template":"","format":"standard","meta":{"footnotes":""},"categories":[20],"tags":[],"_links":{"self":[{"href":"https:\/\/krankenhauspfarramt.de\/index.php\/wp-json\/wp\/v2\/posts\/3864"}],"collection":[{"href":"https:\/\/krankenhauspfarramt.de\/index.php\/wp-json\/wp\/v2\/posts"}],"about":[{"href":"https:\/\/krankenhauspfarramt.de\/index.php\/wp-json\/wp\/v2\/types\/post"}],"author":[{"embeddable":true,"href":"https:\/\/krankenhauspfarramt.de\/index.php\/wp-json\/wp\/v2\/users\/1"}],"replies":[{"embeddable":true,"href":"https:\/\/krankenhauspfarramt.de\/index.php\/wp-json\/wp\/v2\/comments?post=3864"}],"version-history":[{"count":1,"href":"https:\/\/krankenhauspfarramt.de\/index.php\/wp-json\/wp\/v2\/posts\/3864\/revisions"}],"predecessor-version":[{"id":3865,"href":"https:\/\/krankenhauspfarramt.de\/index.php\/wp-json\/wp\/v2\/posts\/3864\/revisions\/3865"}],"wp:featuredmedia":[{"embeddable":true,"href":"https:\/\/krankenhauspfarramt.de\/index.php\/wp-json\/wp\/v2\/media\/2077"}],"wp:attachment":[{"href":"https:\/\/krankenhauspfarramt.de\/index.php\/wp-json\/wp\/v2\/media?parent=3864"}],"wp:term":[{"taxonomy":"category","embeddable":true,"href":"https:\/\/krankenhauspfarramt.de\/index.php\/wp-json\/wp\/v2\/categories?post=3864"},{"taxonomy":"post_tag","embeddable":true,"href":"https:\/\/krankenhauspfarramt.de\/index.php\/wp-json\/wp\/v2\/tags?post=3864"}],"curies":[{"name":"wp","href":"https:\/\/api.w.org\/{rel}","templated":true}]}}