{"id":3866,"date":"2021-10-28T22:14:03","date_gmt":"2021-10-28T22:14:03","guid":{"rendered":"https:\/\/krankenhauspfarramt.de\/index.php\/2021\/10\/28\/bedford-strohm-schaetzt-hierarchielosen-austausch-in-sozialen-medien-ekd\/"},"modified":"2021-10-28T22:14:06","modified_gmt":"2021-10-28T22:14:06","slug":"bedford-strohm-schaetzt-hierarchielosen-austausch-in-sozialen-medien-ekd","status":"publish","type":"post","link":"https:\/\/krankenhauspfarramt.de\/index.php\/2021\/10\/28\/bedford-strohm-schaetzt-hierarchielosen-austausch-in-sozialen-medien-ekd\/","title":{"rendered":"Bedford-Strohm sch\u00e4tzt hierarchielosen Austausch in sozialen Medien \u2013 EKD"},"content":{"rendered":"<p> <br \/>\n<\/p>\n<div>\n<p>Bedford-Strohm schrieb weiter, er wisse aber auch um bestimmte Gefahren in den sozialen Medien: \u201eImmer mal wieder pr\u00fcfe ich, ob die Gefahren am Ende doch das Gute \u00fcberwiegen und ich deswegen raus sollte aus Facebook.\u201c Immer mal wieder werde er Ziel von Hasskommentaren &#8211; vor allem beim Thema Islam. Manche unterstellten ihm bei dialogorientierten Aussagen, er hofiere den fundamentalistischen Islam: \u201eDabei will ich genau das Gegenteil: mit Muslimen zusammen die Religionen als Kr\u00e4fte der Toleranz und Vers\u00f6hnung profilieren.\u201c<\/p>\n<p>Bedford Strohm, der vor fast genau zehn Jahren &#8211; am 30. Oktober 2011 &#8211; in sein Amt als bayerischer Landesbischof eingef\u00fchrt wurde, will in den letzten zwei Amtsjahren vor allem den Zukunftsprozess \u201eProfil und Konzentration\u201c weiter voranbringen. Trotz aller Sparzw\u00e4nge d\u00fcrfe man dabei aber \u201enicht aus der Angst\u201c heraus agieren. So will er zum Beispiel die Kommunikation mit den Kirchenmitgliedern verbessern: \u201eIch m\u00f6chte &#8211; zum Beispiel per E-Mail &#8211; unsere Mitglieder erreichen k\u00f6nnen, ohne daf\u00fcr \u00fcber eine Million Euro Briefporto bezahlen zu m\u00fcssen.\u201c<\/p>\n<p>Was der Landesbischof nach seiner Zeit im Amt machen wird, wei\u00df er noch nicht genau. Seinen beiden Lehrauftr\u00e4gen als Honorarprofessor in Bamberg und im s\u00fcdafrikanischen Stellenbosch wolle er wieder mehr nachkommen &#8211; vor allem aber wolle er dann \u201emehr Freiheit haben und nicht schon wieder voll verplant sein\u201c.<\/p>\n<\/p><\/div>\n","protected":false},"excerpt":{"rendered":"<p>Bedford-Strohm schrieb weiter, er wisse aber auch um bestimmte Gefahren in den sozialen Medien: \u201eImmer mal wieder pr\u00fcfe ich, ob<\/p>\n","protected":false},"author":1,"featured_media":3675,"comment_status":"closed","ping_status":"closed","sticky":false,"template":"","format":"standard","meta":{"footnotes":""},"categories":[20],"tags":[],"_links":{"self":[{"href":"https:\/\/krankenhauspfarramt.de\/index.php\/wp-json\/wp\/v2\/posts\/3866"}],"collection":[{"href":"https:\/\/krankenhauspfarramt.de\/index.php\/wp-json\/wp\/v2\/posts"}],"about":[{"href":"https:\/\/krankenhauspfarramt.de\/index.php\/wp-json\/wp\/v2\/types\/post"}],"author":[{"embeddable":true,"href":"https:\/\/krankenhauspfarramt.de\/index.php\/wp-json\/wp\/v2\/users\/1"}],"replies":[{"embeddable":true,"href":"https:\/\/krankenhauspfarramt.de\/index.php\/wp-json\/wp\/v2\/comments?post=3866"}],"version-history":[{"count":1,"href":"https:\/\/krankenhauspfarramt.de\/index.php\/wp-json\/wp\/v2\/posts\/3866\/revisions"}],"predecessor-version":[{"id":3867,"href":"https:\/\/krankenhauspfarramt.de\/index.php\/wp-json\/wp\/v2\/posts\/3866\/revisions\/3867"}],"wp:featuredmedia":[{"embeddable":true,"href":"https:\/\/krankenhauspfarramt.de\/index.php\/wp-json\/wp\/v2\/media\/3675"}],"wp:attachment":[{"href":"https:\/\/krankenhauspfarramt.de\/index.php\/wp-json\/wp\/v2\/media?parent=3866"}],"wp:term":[{"taxonomy":"category","embeddable":true,"href":"https:\/\/krankenhauspfarramt.de\/index.php\/wp-json\/wp\/v2\/categories?post=3866"},{"taxonomy":"post_tag","embeddable":true,"href":"https:\/\/krankenhauspfarramt.de\/index.php\/wp-json\/wp\/v2\/tags?post=3866"}],"curies":[{"name":"wp","href":"https:\/\/api.w.org\/{rel}","templated":true}]}}