{"id":3868,"date":"2021-10-29T02:15:05","date_gmt":"2021-10-29T02:15:05","guid":{"rendered":"https:\/\/krankenhauspfarramt.de\/index.php\/2021\/10\/29\/kirche-kann-polarisierung-entgegenwirken-ekd\/"},"modified":"2021-10-29T02:15:07","modified_gmt":"2021-10-29T02:15:07","slug":"kirche-kann-polarisierung-entgegenwirken-ekd","status":"publish","type":"post","link":"https:\/\/krankenhauspfarramt.de\/index.php\/2021\/10\/29\/kirche-kann-polarisierung-entgegenwirken-ekd\/","title":{"rendered":"Kirche kann Polarisierung entgegenwirken \u2013 EKD"},"content":{"rendered":"<p> <br \/>\n<\/p>\n<div>\n<p>In der Publikation mit dem Titel \u201eVielfalt und Gemeinsinn\u201c wirbt die EKD f\u00fcr mehr Kompromissbereitschaft in der Gesellschaft und unterstreicht die Bedeutung der Kirche f\u00fcr den Zusammenhalt. Die Balance zwischen Vielfalt und Gemeinsinn ergebe sich nicht von selbst, hei\u00dft es in dem Papier.<\/p>\n<p>Die Pr\u00e4ses der EKD-Synode Heinrich erkl\u00e4rte, die Schrift beschreibe eine auf den Gemeinsinn orientierte Haltung, mit der sich Christinnen und Christen in \u00f6ffentliche Diskurse einmischen sollten. Wenn dies viele t\u00e4ten, k\u00f6nnten sie etwas ver\u00e4ndern. Die 25 Jahre alte Studentin Heinrich gab zu bedenken, dass es die Kirche angesichts der Informationsflut zunehmend schwer habe, geh\u00f6rt zu werden. Was sie zu sagen habe, werde daher h\u00e4ufig nur von jenen aufgenommen, die ohnehin vertraut mit dem Glauben seien. Dabei habe die Kirche Botschaften und Rituale anzubieten, die viele Menschen ber\u00fchren k\u00f6nnten, wie etwa der Trauergottesdienst f\u00fcr die Toten der Corona-Pandemie.<\/p>\n<p>De Maizi\u00e8re sagte, in der Corona-Pandemie habe jeder Virologe mehr Aufmerksamkeit erhalten als die Kirche mit dem, was der christliche Glaube f\u00fcr diese schwierige Zeit anzubieten habe, auch an Trost und Hoffnung. Er warnte davor, dass die Kirche sich angesichts ihrer schwindenden Bedeutung auf sich selbst zur\u00fcckziehe. Wo sie nicht mehr Volkskirche sei, m\u00fcsse sie vielmehr umso \u00fcberzeugender agieren, um wahrgenommen zu werden.<\/p>\n<p>Die Publikation \u201eGemeinsinn und Vielfalt\u201c stammt aus der Kammer f\u00fcr \u00d6ffentliche Verantwortung der EKD, der neben Theologen auch Juristen, Wissenschaftler und Politiker angeh\u00f6ren. Sie geht der Frage nach, wie Interessen unterschiedlicher Gruppen am besten in Ausgleich gebracht werden k\u00f6nnen und geht damit zum Teil auch auf die Debatten um \u201eIdentit\u00e4tspolitik\u201c und Geschlechtergerechtigkeit ein.<\/p>\n<\/p><\/div>\n","protected":false},"excerpt":{"rendered":"<p>In der Publikation mit dem Titel \u201eVielfalt und Gemeinsinn\u201c wirbt die EKD f\u00fcr mehr Kompromissbereitschaft in der Gesellschaft und unterstreicht<\/p>\n","protected":false},"author":1,"featured_media":3869,"comment_status":"closed","ping_status":"closed","sticky":false,"template":"","format":"standard","meta":{"footnotes":""},"categories":[20],"tags":[],"_links":{"self":[{"href":"https:\/\/krankenhauspfarramt.de\/index.php\/wp-json\/wp\/v2\/posts\/3868"}],"collection":[{"href":"https:\/\/krankenhauspfarramt.de\/index.php\/wp-json\/wp\/v2\/posts"}],"about":[{"href":"https:\/\/krankenhauspfarramt.de\/index.php\/wp-json\/wp\/v2\/types\/post"}],"author":[{"embeddable":true,"href":"https:\/\/krankenhauspfarramt.de\/index.php\/wp-json\/wp\/v2\/users\/1"}],"replies":[{"embeddable":true,"href":"https:\/\/krankenhauspfarramt.de\/index.php\/wp-json\/wp\/v2\/comments?post=3868"}],"version-history":[{"count":1,"href":"https:\/\/krankenhauspfarramt.de\/index.php\/wp-json\/wp\/v2\/posts\/3868\/revisions"}],"predecessor-version":[{"id":3870,"href":"https:\/\/krankenhauspfarramt.de\/index.php\/wp-json\/wp\/v2\/posts\/3868\/revisions\/3870"}],"wp:featuredmedia":[{"embeddable":true,"href":"https:\/\/krankenhauspfarramt.de\/index.php\/wp-json\/wp\/v2\/media\/3869"}],"wp:attachment":[{"href":"https:\/\/krankenhauspfarramt.de\/index.php\/wp-json\/wp\/v2\/media?parent=3868"}],"wp:term":[{"taxonomy":"category","embeddable":true,"href":"https:\/\/krankenhauspfarramt.de\/index.php\/wp-json\/wp\/v2\/categories?post=3868"},{"taxonomy":"post_tag","embeddable":true,"href":"https:\/\/krankenhauspfarramt.de\/index.php\/wp-json\/wp\/v2\/tags?post=3868"}],"curies":[{"name":"wp","href":"https:\/\/api.w.org\/{rel}","templated":true}]}}