{"id":3871,"date":"2021-10-29T07:40:59","date_gmt":"2021-10-29T07:40:59","guid":{"rendered":"https:\/\/krankenhauspfarramt.de\/index.php\/2021\/10\/29\/freiheit-das-megathema-der-modernen-welt-ekd\/"},"modified":"2021-10-29T07:41:01","modified_gmt":"2021-10-29T07:41:01","slug":"freiheit-das-megathema-der-modernen-welt-ekd","status":"publish","type":"post","link":"https:\/\/krankenhauspfarramt.de\/index.php\/2021\/10\/29\/freiheit-das-megathema-der-modernen-welt-ekd\/","title":{"rendered":"\u201eFreiheit \u2013 das Megathema der modernen Welt\u201c \u2013 EKD"},"content":{"rendered":"<p> <br \/>\n<\/p>\n<div id=\"\">\n<div class=\"article--meta article--meta__border clearfix\">\n<p>                                    <time datetime=\"29.10.2021 08:45\" class=\"article--time\">29.10.2021<\/time><strong class=\"article--type primus--overline\">Pressemitteilung<\/strong><\/p>\n<picture class=\"article--source-image image\"><source srcset=\"https:\/\/www.ekd.de\/ekd_de\/ds_img\/assets\/20170622_ekd-Quellenlogo_141_rdax_423x118.png\"><!--<source srcset=\"\/ekd_de\/ds_img\/assets\/20170622_ekd-Quellenlogo_141_rdax_141x39.png 1x, \/ekd_de\/ds_img\/assets\/20170622_ekd-Quellenlogo_141_rdax_282x78.png 2x, https:\/\/www.ekd.de\/ekd_de\/ds_img\/assets\/20170622_ekd-Quellenlogo_141_rdax_423x118.png 3x\">--><\/source><\/picture>\n<\/p><\/div>\n<h2 class=\"article--sub-headline primus--sub-headline\">EKD-Ratsvorsitzender Bedford-Strohm predigt am Reformationstag in der Wittenberger Schlosskirche<\/h2>\n<\/p><\/div>\n<div id=\"\">\n<p>An historischem Ort will der Ratsvorsitzende der Evangelischen Kirche in Deutschland (EKD), Landesbischof Heinrich Bedford-Strohm, am Reformationstag am 31. Oktober den Wert der Freiheit ins Ged\u00e4chtnis rufen. Bedford-Strohm predigt am Sonntag (10 Uhr) in der Wittenberger Schlosskirche, die 1517 Ausgangspunkt der Reformation war. \u201e500 Jahre nach der Reformation ist Freiheit ein Megathema unserer Zeit\u201c, so Bedford-Strohm im Vorfeld des Reformationstages. \u201eSie ist vielleicht <strong>das<\/strong> Megathema der modernen Welt\u201c.<\/p>\n<p>Um den Wert der Freiheit zu ermessen, m\u00fcsse er nur auf die eigene Geschichte schauen: \u201eIch selber bin 10 km von der sogenannten Zonengrenze in Oberfranken aufgewachsen, in Coburg. Jeden Nachmittag am Sonntag sind wir spazieren gegangen und haben den Stacheldraht gesehen. Und ich habe mir nie tr\u00e4umen lassen, dass ich eines Tages noch selbst erleben w\u00fcrde, dass diese Stacheldrahtanlagen nicht mehr da sind. Dass ich je an einem Reformationstag in der Schlosskirche zu Wittenberg, am Grab Martin Luthers predigen k\u00f6nnte.\u201c<\/p>\n<p>Bedford-Strohm, dessen Amtszeit als Ratsvorsitzender in wenigen Tagen endet, hatte auch am bundesweiten Feiertag zum 500. Reformationsjubil\u00e4um 2017 in der Wittenberger Schlosskirche gepredigt. \u201eWo k\u00f6nnte uns die Botschaft von der Freiheit eines Christenmenschen mehr in den Ohren klingen als an dem Ort, an dem vor 500 Jahren Martin Luther und Philipp Melanchthon zu einem neuen Aufbruch der Kirche geblasen haben! Luthers Ruf \u201aZur Freiheit hat uns Christus befreit!\u2018 habe damals den gro\u00dfen Unterschied gemacht und habe auch heute nichts an Aktualit\u00e4t verloren\u201c, so Bedford-Strohm.<\/p>\n<p>\u00a0\u201eDer Mensch ist allein gerechtfertigt aus dem Glauben und nicht aus den Werken\u201c, diese Erkenntnis der Reformation befreie davon, falschen Anspr\u00fcchen hinterherzujagen und gebe Kraft f\u00fcr neue Aufbr\u00fcche. Wer nicht aus der Angst lebe, sondern den Geist der Liebe und der Besonnenheit sp\u00fcre, k\u00f6nne aus Freiheit dem N\u00e4chsten dienen und sich f\u00fcr das Gemeinwesen engagieren. \u201eGenau diesen Geist brauchen wir heute auch\u201c, so der EKD-Ratsvorsitzende.<\/p>\n<p>Am Reformationstag erinnern Protestanten in aller Welt an den Beginn der Reformation durch die Ver\u00f6ffentlichung der 95 Thesen von Martin Luther. Mit seiner Kritik an der Kirche seiner Zeit hat Luther Ver\u00e4nderungen angesto\u00dfen, die sp\u00e4ter zum Entstehen der evangelischen Kirche f\u00fchrten. Der Reformationstag ist Feiertag in neun Bundesl\u00e4ndern, in den evangelischen Kirchen wird mit Gottesdiensten der Ereignisse am 31. Oktober 1517 gedacht.<\/p>\n<p>Hannover, 29. Oktober 2021<\/p>\n<p>Pressestelle der EKD<br \/>Carsten Splitt<\/p>\n<\/div>\n","protected":false},"excerpt":{"rendered":"<p>29.10.2021Pressemitteilung EKD-Ratsvorsitzender Bedford-Strohm predigt am Reformationstag in der Wittenberger Schlosskirche An historischem Ort will der Ratsvorsitzende der Evangelischen Kirche in<\/p>\n","protected":false},"author":1,"featured_media":1267,"comment_status":"closed","ping_status":"closed","sticky":false,"template":"","format":"standard","meta":{"footnotes":""},"categories":[20],"tags":[],"_links":{"self":[{"href":"https:\/\/krankenhauspfarramt.de\/index.php\/wp-json\/wp\/v2\/posts\/3871"}],"collection":[{"href":"https:\/\/krankenhauspfarramt.de\/index.php\/wp-json\/wp\/v2\/posts"}],"about":[{"href":"https:\/\/krankenhauspfarramt.de\/index.php\/wp-json\/wp\/v2\/types\/post"}],"author":[{"embeddable":true,"href":"https:\/\/krankenhauspfarramt.de\/index.php\/wp-json\/wp\/v2\/users\/1"}],"replies":[{"embeddable":true,"href":"https:\/\/krankenhauspfarramt.de\/index.php\/wp-json\/wp\/v2\/comments?post=3871"}],"version-history":[{"count":1,"href":"https:\/\/krankenhauspfarramt.de\/index.php\/wp-json\/wp\/v2\/posts\/3871\/revisions"}],"predecessor-version":[{"id":3872,"href":"https:\/\/krankenhauspfarramt.de\/index.php\/wp-json\/wp\/v2\/posts\/3871\/revisions\/3872"}],"wp:featuredmedia":[{"embeddable":true,"href":"https:\/\/krankenhauspfarramt.de\/index.php\/wp-json\/wp\/v2\/media\/1267"}],"wp:attachment":[{"href":"https:\/\/krankenhauspfarramt.de\/index.php\/wp-json\/wp\/v2\/media?parent=3871"}],"wp:term":[{"taxonomy":"category","embeddable":true,"href":"https:\/\/krankenhauspfarramt.de\/index.php\/wp-json\/wp\/v2\/categories?post=3871"},{"taxonomy":"post_tag","embeddable":true,"href":"https:\/\/krankenhauspfarramt.de\/index.php\/wp-json\/wp\/v2\/tags?post=3871"}],"curies":[{"name":"wp","href":"https:\/\/api.w.org\/{rel}","templated":true}]}}