{"id":3873,"date":"2021-10-29T11:43:15","date_gmt":"2021-10-29T11:43:15","guid":{"rendered":"https:\/\/krankenhauspfarramt.de\/index.php\/2021\/10\/29\/koalitionsvertrag-muss-klare-konzepte-fuer-eine-soziale-und-klimafreundliche-mobilitaetspolitik-beinhalten-ekd\/"},"modified":"2021-10-29T11:43:16","modified_gmt":"2021-10-29T11:43:16","slug":"koalitionsvertrag-muss-klare-konzepte-fuer-eine-soziale-und-klimafreundliche-mobilitaetspolitik-beinhalten-ekd","status":"publish","type":"post","link":"https:\/\/krankenhauspfarramt.de\/index.php\/2021\/10\/29\/koalitionsvertrag-muss-klare-konzepte-fuer-eine-soziale-und-klimafreundliche-mobilitaetspolitik-beinhalten-ekd\/","title":{"rendered":"Koalitionsvertrag muss klare Konzepte f\u00fcr eine soziale und klimafreundliche Mobilit\u00e4tspolitik beinhalten \u2013 EKD"},"content":{"rendered":"<p> <br \/>\n<\/p>\n<div id=\"\">\n<div class=\"article--meta article--meta__border clearfix\">\n<p>                                    <time datetime=\"29.10.2021 10:00\" class=\"article--time\">29.10.2021<\/time><strong class=\"article--type primus--overline\">Pressemitteilung<\/strong><\/p>\n<picture class=\"article--source-image image\"><source srcset=\"https:\/\/www.ekd.de\/ekd_de\/ds_img\/assets\/20170622_ekd-Quellenlogo_141_rdax_423x118.png\"><!--<source srcset=\"\/ekd_de\/ds_img\/assets\/20170622_ekd-Quellenlogo_141_rdax_141x39.png 1x, \/ekd_de\/ds_img\/assets\/20170622_ekd-Quellenlogo_141_rdax_282x78.png 2x, https:\/\/www.ekd.de\/ekd_de\/ds_img\/assets\/20170622_ekd-Quellenlogo_141_rdax_423x118.png 3x\">--><\/source><\/picture>\n<\/p><\/div>\n<h2 class=\"article--sub-headline primus--sub-headline\">Gewerkschaften, Umwelt- und Sozialverb\u00e4nde sowie die Evangelische Kirche in Deutschland sehen Transformation des Mobilit\u00e4tssektors als eine zentrale Aufgabe der neuen Bundesregierung<\/h2>\n<\/p><\/div>\n<div id=\"\">\n<p class=\"EKDAdresse\">Mit einem eindringlichen Appell hat sich das zivilgesellschaftliche B\u00fcndnis Sozialvertr\u00e4gliche Mobilit\u00e4tswende an die Verhandlungsteams des Koalitionsvertrags gewandt: Der Zusammenschluss aus Gewerkschaften, Umwelt- und Sozialverb\u00e4nden sowie der Evangelischen Kirche in Deutschland bezeichnete dabei die Transformation des Mobilit\u00e4tssektors als eine der zentralen, gesellschaftspolitischen Aufgaben einer neuen Bundesregierung. Eine tiefgreifende Mobilit\u00e4tswende m\u00fcsse &#8211; nicht nur aus Gr\u00fcnden des Klimaschutzes, sondern auch f\u00fcr mehr soziale Gerechtigkeit &#8211; im Koalitionsvertrag verankert und mit konkreten Ma\u00dfnahmen unterlegt werden. Nur so ist k\u00fcnftig gute Arbeit im Mobilit\u00e4tssektor sowie bezahlbare und barrierefreie Mobilit\u00e4t f\u00fcr alle B\u00fcrgerinnen und B\u00fcrger im Rahmen der Klimaziele m\u00f6glich.<\/p>\n<p class=\"EKDAdresse\">\u201eDie kommende Legislaturperiode ist entscheidend: In der Verkehrspolitik liegen Jahrzehnte des Stillstands hinter uns. Das muss und kann sich jetzt \u00e4ndern, denn Ideen f\u00fcr eine sozial gerechte Transformation unserer Mobilit\u00e4t und des dazugeh\u00f6rigen Wirtschaftssektors sind so zahlreich wie die zu l\u00f6senden Probleme\u201c, so das B\u00fcndnis. Es steht f\u00fcr einen breiten Teil der Zivilgesellschaft und zeigt, dass Umweltschutz, soziale Gerechtigkeit, und gute Arbeit Hand in Hand gehen.<\/p>\n<p class=\"EKDAdresse\">Die sozialvertr\u00e4gliche Transformation des Mobilit\u00e4tsektors betrifft alle B\u00fcrgerinnen und B\u00fcrger gleicherma\u00dfen. Sie m\u00fcssen dementsprechend auch geh\u00f6rt werden und bei der Gestaltung mit am Tisch sitzen. Allein auf das technisch Machbare zu setzen, greift zu kurz. Es geht darum, mit den Menschen in einen echten Dialog \u00fcber ihre Mobilit\u00e4tsbed\u00fcrfnisse zu kommen und eine gemeinsame Zielvorstellung zu entwickeln. Das B\u00fcndnis Sozialvertr\u00e4gliche Mobilit\u00e4tswende versteht sich hierf\u00fcr als Plattform.<\/p>\n<p class=\"EKDAdresse\">Eine gut gestaltete, sozial gerechte Mobilit\u00e4tswende bringt mehr Lebensqualit\u00e4t, schafft gute Arbeitspl\u00e4tze und verringert soziale Ungerechtigkeiten. Sie schont das Klima und sorgt so f\u00fcr eine gute Lebensgrundlage f\u00fcr zuk\u00fcnftige Generationen. Daf\u00fcr sind im Koalitionsvertrag jetzt die notwendigen Weichen zu stellen. Dazu geh\u00f6ren:<\/p>\n<ol>\n<li class=\"EKDAdresse\" style=\"margin: 0cm;\">Fl\u00e4chendeckender Ausbau des \u00f6ffentlichen Verkehrs sowie St\u00e4rkung des Umweltverbundes, Barrierefreiheit, sicherer Zugang und Bezahlbarkeit f\u00fcr alle.<\/li>\n<\/ol>\n<ol start=\"2\">\n<li class=\"EKDAdresse\" style=\"margin: 0cm;\">Schaffung eines klimafreundlichen Ordnungsrahmens, Auf- und Ausbau von Kompetenz und Personalkapazit\u00e4ten f\u00fcr den Umbau in ein integriertes und klimagerechtes Verkehrssystem sowie eine sozial- und klimagerechte Umgestaltung des Steuer- und Abgabensystems.<\/li>\n<\/ol>\n<ol start=\"3\">\n<li class=\"EKDAdresse\" style=\"margin: 0cm;\">F\u00f6rderung einer aktiven Industrie- und pr\u00e4ventiven Strukturpolitik sowie die Schaffung von Transformationsfonds, Weiterbildungskapazit\u00e4ten und guten Arbeitsbedingungen im ganzen Mobilit\u00e4tssektor.<\/li>\n<\/ol>\n<p class=\"EKDAdresse\">Wie konkrete Ma\u00dfnahmen aussehen k\u00f6nnten, hat das <em>B\u00fcndnis sozialvertr\u00e4gliche Mobilit\u00e4tswende<\/em> in dieser Publikation dargelegt.<\/p>\n<p class=\"EKDAdresse\"><strong>\u00dcber das B\u00fcndnis<\/strong><\/p>\n<p class=\"EKDAdresse\">Das Bu\u0308ndnis Sozialvertra\u0308gliche Mobilita\u0308tswende hat sich gegr\u00fcndet, um den gesamtgesellschaftlichen Dialog u\u0308ber die Ausrichtung der Verkehrspolitik konstruktiv zu begleiten und einer weiteren Spaltung der Gesellschaft daru\u0308ber entgegenzuwirken. Die Vorschla\u0308ge des Bu\u0308ndnisses sollen dazu dienen, eine gemeinsame Vorstellung der ku\u0308nftigen Mobilita\u0308tswelt zu entwickeln und daraus Handlungsschritte abzuleiten.<\/p>\n<p class=\"EKDAdresse\">Mitglieder des B\u00fcndnisses sind: DGB, IG Metall, ver.di, SoVD, VdK, AWO, BUND, VCD, die Evangelische Kirche in Deutschland (EKD) und NABU. Die Arbeit des Bu\u0308ndnisses wird gefo\u0308rdert und unterstu\u0308tzt durch die Stiftung Mercator und die European Climate Foundation.<\/p>\n<p class=\"EKDAdresse\">Hannover, 29. Oktober 2021<\/p>\n<p class=\"EKDAdresse\">Pressestelle der EKD<br \/>Carsten Splitt<\/p>\n<\/div>\n","protected":false},"excerpt":{"rendered":"<p>29.10.2021Pressemitteilung Gewerkschaften, Umwelt- und Sozialverb\u00e4nde sowie die Evangelische Kirche in Deutschland sehen Transformation des Mobilit\u00e4tssektors als eine zentrale Aufgabe der<\/p>\n","protected":false},"author":1,"featured_media":3086,"comment_status":"closed","ping_status":"closed","sticky":false,"template":"","format":"standard","meta":{"footnotes":""},"categories":[20],"tags":[],"_links":{"self":[{"href":"https:\/\/krankenhauspfarramt.de\/index.php\/wp-json\/wp\/v2\/posts\/3873"}],"collection":[{"href":"https:\/\/krankenhauspfarramt.de\/index.php\/wp-json\/wp\/v2\/posts"}],"about":[{"href":"https:\/\/krankenhauspfarramt.de\/index.php\/wp-json\/wp\/v2\/types\/post"}],"author":[{"embeddable":true,"href":"https:\/\/krankenhauspfarramt.de\/index.php\/wp-json\/wp\/v2\/users\/1"}],"replies":[{"embeddable":true,"href":"https:\/\/krankenhauspfarramt.de\/index.php\/wp-json\/wp\/v2\/comments?post=3873"}],"version-history":[{"count":1,"href":"https:\/\/krankenhauspfarramt.de\/index.php\/wp-json\/wp\/v2\/posts\/3873\/revisions"}],"predecessor-version":[{"id":3874,"href":"https:\/\/krankenhauspfarramt.de\/index.php\/wp-json\/wp\/v2\/posts\/3873\/revisions\/3874"}],"wp:featuredmedia":[{"embeddable":true,"href":"https:\/\/krankenhauspfarramt.de\/index.php\/wp-json\/wp\/v2\/media\/3086"}],"wp:attachment":[{"href":"https:\/\/krankenhauspfarramt.de\/index.php\/wp-json\/wp\/v2\/media?parent=3873"}],"wp:term":[{"taxonomy":"category","embeddable":true,"href":"https:\/\/krankenhauspfarramt.de\/index.php\/wp-json\/wp\/v2\/categories?post=3873"},{"taxonomy":"post_tag","embeddable":true,"href":"https:\/\/krankenhauspfarramt.de\/index.php\/wp-json\/wp\/v2\/tags?post=3873"}],"curies":[{"name":"wp","href":"https:\/\/api.w.org\/{rel}","templated":true}]}}