{"id":3882,"date":"2021-10-30T06:46:20","date_gmt":"2021-10-30T06:46:20","guid":{"rendered":"https:\/\/krankenhauspfarramt.de\/index.php\/2021\/10\/30\/neue-glocken-fuer-leipziger-thomaskirche-erklingen-erstmals-ekd\/"},"modified":"2021-10-30T06:46:22","modified_gmt":"2021-10-30T06:46:22","slug":"neue-glocken-fuer-leipziger-thomaskirche-erklingen-erstmals-ekd","status":"publish","type":"post","link":"https:\/\/krankenhauspfarramt.de\/index.php\/2021\/10\/30\/neue-glocken-fuer-leipziger-thomaskirche-erklingen-erstmals-ekd\/","title":{"rendered":"Neue Glocken f\u00fcr Leipziger Thomaskirche erklingen erstmals \u2013 EKD"},"content":{"rendered":"<p> <br \/>\n<\/p>\n<div>\n<p>Die Erg\u00e4nzung des Gel\u00e4uts erfolgte laut Gemeinde zum einen, weil die alten Glocken sehr tieft\u00f6nig sind. Zum anderen k\u00f6nnten die Bestandsglocken nun etwas seltener angeschlagen und dadurch geschont werden, hie\u00df es. Hergestellt wurde das neue vierteilige Gel\u00e4ut zwischen Dezember 2020 und M\u00e4rz 2021 in der Glockengie\u00dferei Bachert im baden-w\u00fcrttembergischen Neunkirchen.<\/p>\n<p>Die Kosten f\u00fcr das gesamte Sanierungsprojekt belaufen sich laut Kirchgemeinde auf rund 500.000 Euro. Mehr als die H\u00e4lfte konnte aus privaten Spenden aus dem In- und Ausland gedeckt werden. Zudem unterst\u00fctzten das Land Sachsen, die Stadt Leipzig sowie die Evangelisch-Lutherische Landeskirche Sachsens das Glockenprojekt finanziell.<\/p>\n<p>Die umfangreiche Sanierung des Kirchengel\u00e4uts hatte im Sommer 2019 begonnen. Dabei bekamen etwa die \u00e4lteste, mehr als f\u00fcnf Tonnen schwere \u201eGloriosa\u201c von 1477 und ihre etwas leichtere Schwesterglocke einen neuen Holzglockenstuhl. Auch die Antriebstechnik wurde modernisiert.<\/p>\n<\/p><\/div>\n","protected":false},"excerpt":{"rendered":"<p>Die Erg\u00e4nzung des Gel\u00e4uts erfolgte laut Gemeinde zum einen, weil die alten Glocken sehr tieft\u00f6nig sind. Zum anderen k\u00f6nnten die<\/p>\n","protected":false},"author":1,"featured_media":3883,"comment_status":"closed","ping_status":"closed","sticky":false,"template":"","format":"standard","meta":{"footnotes":""},"categories":[20],"tags":[],"_links":{"self":[{"href":"https:\/\/krankenhauspfarramt.de\/index.php\/wp-json\/wp\/v2\/posts\/3882"}],"collection":[{"href":"https:\/\/krankenhauspfarramt.de\/index.php\/wp-json\/wp\/v2\/posts"}],"about":[{"href":"https:\/\/krankenhauspfarramt.de\/index.php\/wp-json\/wp\/v2\/types\/post"}],"author":[{"embeddable":true,"href":"https:\/\/krankenhauspfarramt.de\/index.php\/wp-json\/wp\/v2\/users\/1"}],"replies":[{"embeddable":true,"href":"https:\/\/krankenhauspfarramt.de\/index.php\/wp-json\/wp\/v2\/comments?post=3882"}],"version-history":[{"count":1,"href":"https:\/\/krankenhauspfarramt.de\/index.php\/wp-json\/wp\/v2\/posts\/3882\/revisions"}],"predecessor-version":[{"id":3884,"href":"https:\/\/krankenhauspfarramt.de\/index.php\/wp-json\/wp\/v2\/posts\/3882\/revisions\/3884"}],"wp:featuredmedia":[{"embeddable":true,"href":"https:\/\/krankenhauspfarramt.de\/index.php\/wp-json\/wp\/v2\/media\/3883"}],"wp:attachment":[{"href":"https:\/\/krankenhauspfarramt.de\/index.php\/wp-json\/wp\/v2\/media?parent=3882"}],"wp:term":[{"taxonomy":"category","embeddable":true,"href":"https:\/\/krankenhauspfarramt.de\/index.php\/wp-json\/wp\/v2\/categories?post=3882"},{"taxonomy":"post_tag","embeddable":true,"href":"https:\/\/krankenhauspfarramt.de\/index.php\/wp-json\/wp\/v2\/tags?post=3882"}],"curies":[{"name":"wp","href":"https:\/\/api.w.org\/{rel}","templated":true}]}}