{"id":3894,"date":"2021-11-02T12:21:04","date_gmt":"2021-11-02T12:21:04","guid":{"rendered":"https:\/\/krankenhauspfarramt.de\/index.php\/2021\/11\/02\/die-trauer-kommt-erst-nach-und-nach-ekd\/"},"modified":"2021-11-02T12:21:06","modified_gmt":"2021-11-02T12:21:06","slug":"die-trauer-kommt-erst-nach-und-nach-ekd","status":"publish","type":"post","link":"https:\/\/krankenhauspfarramt.de\/index.php\/2021\/11\/02\/die-trauer-kommt-erst-nach-und-nach-ekd\/","title":{"rendered":"\u201eDie Trauer kommt erst nach und nach\u201c \u2013 EKD"},"content":{"rendered":"<p> <br \/>\n<\/p>\n<div>\n<p>Das s\u00fcdwestlich von K\u00f6ln gelegene Erftstadt ist nach den Worten der Theologin zurzeit eine geteilte Stadt: W\u00e4hrend die meisten der 50.000 Einwohnerinnen und Einwohner von der Flut unber\u00fchrt blieben, ist das Leben im Ortsteil Blessem ganz davon gepr\u00e4gt. Die Abbruchkante von Erftstadt-Blessem, die die Erft an den Tagen des Hochwassers gerissen hatte, schaffte es auch auf die Titelseite der \u201eNew York Times\u201c. Acht H\u00e4user st\u00fcrzten in die Tiefe, andere sind allenfalls zum Teil bewohnbar. \u201eManche Menschen k\u00f6nnen obere Stockwerke ihrer H\u00e4user wieder bewohnen, diejenigen aber, die ihr Heim ganz verloren haben, leben zurzeit nicht hier\u201c, erz\u00e4hlte Pankoke, die seit 20 Jahren in Erftstadt t\u00e4tig ist.<\/p>\n<p>Die Pfarrerin bietet mit Kolleginnen aus anderen Gemeinden im November Gespr\u00e4chskreise f\u00fcr die Betroffenen an. Auch packt sie mit an, organisiert die Essensausgabe der Johanniter im Ortsteil Blessem. \u201eAu\u00dferdem k\u00f6nnen wir Geldspenden verteilen, die wir auch aus ganz Deutschland von Kirchengemeinden, Vereinen oder Einzelpersonen bekommen haben\u201c, sagte Pankoke. \u201eSo tief der Schmerz \u00fcber die verlorenen Dinge ist, so gro\u00df ist hier aber auch die Dankbarkeit f\u00fcr die \u00fcberw\u00e4ltigende Hilfe, die wir von Menschen aus ganz Deutschland erfahren haben.\u201c<\/p>\n<p>Von dem Starkregen und Hochwasser am 14. und 15. Juli waren in Nordrhein-Westfalen rund 180 Kommunen betroffen und damit fast die H\u00e4lfte der 396 St\u00e4dte und Gemeinden im Land. Mindestens 49 Menschen kamen nach Angaben der Landesregierung ums Leben. Besonders betroffen von dem Unwetter waren neben Rhein-Erft-Kreis auch der Kreis Euskirchen, die St\u00e4dteregion Aachen, der Rhein-Sieg-Kreis, der M\u00e4rkische Kreis und die Stadt Hagen.<\/p>\n<p class=\"md-authorline\" style=\"margin-left:0cm; margin-right:0cm; text-align:right\"><em>epd-Gespr\u00e4ch: Irene D\u00e4nzer-Vanotti<\/em><\/p>\n<\/p><\/div>\n","protected":false},"excerpt":{"rendered":"<p>Das s\u00fcdwestlich von K\u00f6ln gelegene Erftstadt ist nach den Worten der Theologin zurzeit eine geteilte Stadt: W\u00e4hrend die meisten der<\/p>\n","protected":false},"author":1,"featured_media":3895,"comment_status":"closed","ping_status":"closed","sticky":false,"template":"","format":"standard","meta":{"footnotes":""},"categories":[20],"tags":[],"_links":{"self":[{"href":"https:\/\/krankenhauspfarramt.de\/index.php\/wp-json\/wp\/v2\/posts\/3894"}],"collection":[{"href":"https:\/\/krankenhauspfarramt.de\/index.php\/wp-json\/wp\/v2\/posts"}],"about":[{"href":"https:\/\/krankenhauspfarramt.de\/index.php\/wp-json\/wp\/v2\/types\/post"}],"author":[{"embeddable":true,"href":"https:\/\/krankenhauspfarramt.de\/index.php\/wp-json\/wp\/v2\/users\/1"}],"replies":[{"embeddable":true,"href":"https:\/\/krankenhauspfarramt.de\/index.php\/wp-json\/wp\/v2\/comments?post=3894"}],"version-history":[{"count":1,"href":"https:\/\/krankenhauspfarramt.de\/index.php\/wp-json\/wp\/v2\/posts\/3894\/revisions"}],"predecessor-version":[{"id":3896,"href":"https:\/\/krankenhauspfarramt.de\/index.php\/wp-json\/wp\/v2\/posts\/3894\/revisions\/3896"}],"wp:featuredmedia":[{"embeddable":true,"href":"https:\/\/krankenhauspfarramt.de\/index.php\/wp-json\/wp\/v2\/media\/3895"}],"wp:attachment":[{"href":"https:\/\/krankenhauspfarramt.de\/index.php\/wp-json\/wp\/v2\/media?parent=3894"}],"wp:term":[{"taxonomy":"category","embeddable":true,"href":"https:\/\/krankenhauspfarramt.de\/index.php\/wp-json\/wp\/v2\/categories?post=3894"},{"taxonomy":"post_tag","embeddable":true,"href":"https:\/\/krankenhauspfarramt.de\/index.php\/wp-json\/wp\/v2\/tags?post=3894"}],"curies":[{"name":"wp","href":"https:\/\/api.w.org\/{rel}","templated":true}]}}