{"id":3906,"date":"2021-11-05T13:52:43","date_gmt":"2021-11-05T13:52:43","guid":{"rendered":"https:\/\/krankenhauspfarramt.de\/index.php\/2021\/11\/05\/ekd-synode-tagt-digital-ekd\/"},"modified":"2021-11-05T13:52:43","modified_gmt":"2021-11-05T13:52:43","slug":"ekd-synode-tagt-digital-ekd","status":"publish","type":"post","link":"https:\/\/krankenhauspfarramt.de\/index.php\/2021\/11\/05\/ekd-synode-tagt-digital-ekd\/","title":{"rendered":"EKD-Synode tagt digital \u2013 EKD"},"content":{"rendered":"<p> <br \/>\n<\/p>\n<div id=\"\">\n<div class=\"article--meta article--meta__border clearfix\">\n<p>                                    <time datetime=\"05.11.2021 13:00\" class=\"article--time\">05.11.2021<\/time><strong class=\"article--type primus--overline\">Pressemitteilung<\/strong><\/p>\n<picture class=\"article--source-image image\"><source srcset=\"https:\/\/www.ekd.de\/ekd_de\/ds_img\/assets\/20170622_ekd-Quellenlogo_141_rdax_423x118.png\"><!--<source srcset=\"\/ekd_de\/ds_img\/assets\/20170622_ekd-Quellenlogo_141_rdax_141x39.png 1x, \/ekd_de\/ds_img\/assets\/20170622_ekd-Quellenlogo_141_rdax_282x78.png 2x, https:\/\/www.ekd.de\/ekd_de\/ds_img\/assets\/20170622_ekd-Quellenlogo_141_rdax_423x118.png 3x\">--><img decoding=\"async\" src=\"https:\/\/www.ekd.de\/ekd_de\/ds_img\/assets\/20170622_ekd-Quellenlogo_141_rdax_141x39.png\" alt=\"EKD Logo\" title=\"EKD Logo\"\/><\/source><\/picture>\n<\/p><\/div>\n<h2 class=\"article--sub-headline primus--sub-headline\">Pr\u00e4sidium entscheidet sich nach Impfdurchbruch und deutlich verschlechterter Corona-Lage gegen Pr\u00e4senztagung in Bremen<\/h2>\n<\/p><\/div>\n<div id=\"\">\n<p>Die 2. Tagung der 5. Synode der Evangelischen Kirche in Deutschland, die f\u00fcr den 7. bis 10. November als Pr\u00e4senztagung in Bremen geplant war, wird nunmehr digital stattfinden. Das hat das Pr\u00e4sidium der Synode auf seiner heutigen Sitzung in Bremen beschlossen. Anlass ist die in den vergangenen Tagen deutlich verschlechterte Corona-Situation sowie ein Impfdurchbruch in einer vorgelagerten Gremiensitzung in Bremen. \u201eWir haben uns die Entscheidung nicht leicht gemacht und bedauern diesen Schritt sehr, sehen aber keine andere M\u00f6glichkeit, verantwortungsvoll mit der Situation umzugehen\u201c, so Pr\u00e4ses Anna-Nicole Heinrich.<\/p>\n<p>Die Teilnehmenden wurden \u00fcber die ver\u00e4nderte Planung informiert. Das Pr\u00e4sidium ber\u00e4t derzeit \u00fcber den ver\u00e4nderten Ablauf. Die geplanten Wahlen finden auch bei der digitalen Durchf\u00fchrung der Tagung statt.<\/p>\n<p>Hannover, 5. November 2021<\/p>\n<p class=\"EKDFlietext\">Pressestelle der EKD<\/p>\n<p class=\"EKDFlietext\">\u00a0<\/p>\n<p class=\"EKDFlietext\"><em>\u00dcber die Synode der EKD: Die Synode der EKD ist neben Rat und Kirchenkonferenz eines der drei Leitungsorgane der EKD. Sie tagt vom 7. bis 10. November in Bremen. Nach der Grundordnung der EKD besteht die 13. Synode aus 120 Mitgliedern. Zu den Aufgaben der Synode z\u00e4hlen die Erarbeitung von Kundgebungen und Beschl\u00fcssen zu Fragen der Zeit sowie die Begleitung der Arbeit des Rates der EKD durch Richtlinien. Die Synode ber\u00e4t und beschlie\u00dft aber auch den Haushalt und die Kirchengesetze. Geleitet wird die Synode vom Pr\u00e4sidium unter dem Vorsitz von Pr\u00e4ses Anna-Nicole Heinrich. Sie ist zugleich Mitglied des 15-k\u00f6pfigen Rates der EKD. Vorsitzender des Rates der EKD ist Landesbischof Heinrich Bedford-Strohm. Die EKD ist die Gemeinschaft von 20 lutherischen, reformierten und unierten Landeskirchen. 20,2 Millionen evangelische Christinnen und Christen in Deutschland geh\u00f6ren zu einer der 13.200 Kirchengemeinden.<\/em><\/p>\n<\/div>\n","protected":false},"excerpt":{"rendered":"<p>05.11.2021Pressemitteilung Pr\u00e4sidium entscheidet sich nach Impfdurchbruch und deutlich verschlechterter Corona-Lage gegen Pr\u00e4senztagung in Bremen Die 2. Tagung der 5. Synode<\/p>\n","protected":false},"author":1,"featured_media":0,"comment_status":"closed","ping_status":"closed","sticky":false,"template":"","format":"standard","meta":{"footnotes":""},"categories":[20],"tags":[],"_links":{"self":[{"href":"https:\/\/krankenhauspfarramt.de\/index.php\/wp-json\/wp\/v2\/posts\/3906"}],"collection":[{"href":"https:\/\/krankenhauspfarramt.de\/index.php\/wp-json\/wp\/v2\/posts"}],"about":[{"href":"https:\/\/krankenhauspfarramt.de\/index.php\/wp-json\/wp\/v2\/types\/post"}],"author":[{"embeddable":true,"href":"https:\/\/krankenhauspfarramt.de\/index.php\/wp-json\/wp\/v2\/users\/1"}],"replies":[{"embeddable":true,"href":"https:\/\/krankenhauspfarramt.de\/index.php\/wp-json\/wp\/v2\/comments?post=3906"}],"version-history":[{"count":0,"href":"https:\/\/krankenhauspfarramt.de\/index.php\/wp-json\/wp\/v2\/posts\/3906\/revisions"}],"wp:attachment":[{"href":"https:\/\/krankenhauspfarramt.de\/index.php\/wp-json\/wp\/v2\/media?parent=3906"}],"wp:term":[{"taxonomy":"category","embeddable":true,"href":"https:\/\/krankenhauspfarramt.de\/index.php\/wp-json\/wp\/v2\/categories?post=3906"},{"taxonomy":"post_tag","embeddable":true,"href":"https:\/\/krankenhauspfarramt.de\/index.php\/wp-json\/wp\/v2\/tags?post=3906"}],"curies":[{"name":"wp","href":"https:\/\/api.w.org\/{rel}","templated":true}]}}