{"id":3907,"date":"2021-11-05T16:47:00","date_gmt":"2021-11-05T16:47:00","guid":{"rendered":"https:\/\/krankenhauspfarramt.de\/index.php\/2021\/11\/05\/jahrestagung-der-evangelischen-kirche-findet-digital-statt-ekd\/"},"modified":"2021-11-05T16:47:00","modified_gmt":"2021-11-05T16:47:00","slug":"jahrestagung-der-evangelischen-kirche-findet-digital-statt-ekd","status":"publish","type":"post","link":"https:\/\/krankenhauspfarramt.de\/index.php\/2021\/11\/05\/jahrestagung-der-evangelischen-kirche-findet-digital-statt-ekd\/","title":{"rendered":"Jahrestagung der evangelischen Kirche findet digital statt \u2013 EKD"},"content":{"rendered":"<p> <br \/>\n<\/p>\n<div>\n<p>Am Nachmittag sowie am Samstag h\u00e4tten sich die Vertreter der Vereinigten Evangelisch-Lutherischen Kirche Deutschlands (VELKD) in Bremen zu ihrer Generalsynode treffen sollen, bevor am Sonntagmorgen der Er\u00f6ffnungsgottesdienst f\u00fcr die viert\u00e4gige Synode der EKD gefeiert werden sollte.<\/p>\n<p>Auf der Tagesordnung der Synode stehen Wahlen f\u00fcr die Leitungs\u00e4mter der evangelischen Kirche, sowohl f\u00fcr den 15 Mitglieder z\u00e4hlenden Rat wie auch den Ratsvorsitz. Diese sollen nun ebenfalls digital erfolgen. Der bisherige Ratsvorsitzende Heinrich Bedford-Strohm will das Amt nach sieben Jahren an der EKD-Spitze abgeben.<\/p>\n<\/p><\/div>\n","protected":false},"excerpt":{"rendered":"<p>Am Nachmittag sowie am Samstag h\u00e4tten sich die Vertreter der Vereinigten Evangelisch-Lutherischen Kirche Deutschlands (VELKD) in Bremen zu ihrer Generalsynode<\/p>\n","protected":false},"author":1,"featured_media":0,"comment_status":"closed","ping_status":"closed","sticky":false,"template":"","format":"standard","meta":{"footnotes":""},"categories":[20],"tags":[],"_links":{"self":[{"href":"https:\/\/krankenhauspfarramt.de\/index.php\/wp-json\/wp\/v2\/posts\/3907"}],"collection":[{"href":"https:\/\/krankenhauspfarramt.de\/index.php\/wp-json\/wp\/v2\/posts"}],"about":[{"href":"https:\/\/krankenhauspfarramt.de\/index.php\/wp-json\/wp\/v2\/types\/post"}],"author":[{"embeddable":true,"href":"https:\/\/krankenhauspfarramt.de\/index.php\/wp-json\/wp\/v2\/users\/1"}],"replies":[{"embeddable":true,"href":"https:\/\/krankenhauspfarramt.de\/index.php\/wp-json\/wp\/v2\/comments?post=3907"}],"version-history":[{"count":0,"href":"https:\/\/krankenhauspfarramt.de\/index.php\/wp-json\/wp\/v2\/posts\/3907\/revisions"}],"wp:attachment":[{"href":"https:\/\/krankenhauspfarramt.de\/index.php\/wp-json\/wp\/v2\/media?parent=3907"}],"wp:term":[{"taxonomy":"category","embeddable":true,"href":"https:\/\/krankenhauspfarramt.de\/index.php\/wp-json\/wp\/v2\/categories?post=3907"},{"taxonomy":"post_tag","embeddable":true,"href":"https:\/\/krankenhauspfarramt.de\/index.php\/wp-json\/wp\/v2\/tags?post=3907"}],"curies":[{"name":"wp","href":"https:\/\/api.w.org\/{rel}","templated":true}]}}