{"id":3908,"date":"2021-11-05T17:55:04","date_gmt":"2021-11-05T17:55:04","guid":{"rendered":"https:\/\/krankenhauspfarramt.de\/index.php\/2021\/11\/05\/velkd-generalsynode-tagt-digital-ekd\/"},"modified":"2021-11-05T17:55:04","modified_gmt":"2021-11-05T17:55:04","slug":"velkd-generalsynode-tagt-digital-ekd","status":"publish","type":"post","link":"https:\/\/krankenhauspfarramt.de\/index.php\/2021\/11\/05\/velkd-generalsynode-tagt-digital-ekd\/","title":{"rendered":"VELKD-Generalsynode tagt digital \u2013 EKD"},"content":{"rendered":"<p> <br \/>\n<\/p>\n<div id=\"\">\n<div class=\"article--meta article--meta__border clearfix\">\n<p>                                    <time datetime=\"05.11.2021 15:00\" class=\"article--time\">05.11.2021<\/time><strong class=\"article--type primus--overline\">Pressemitteilung<\/strong><\/p>\n<\/p><\/div>\n<h2 class=\"article--sub-headline primus--sub-headline\">Pr\u00e4sidien entscheiden sich nach Impfdurchbruch und deutlich verschlechterter Corona-Lage gegen Pr\u00e4senztagung in Bremen<\/h2>\n<\/p><\/div>\n<div id=\"\">\n<p>Die 2. Tagung der 13. Generalsynode der Vereinigten Evangelisch-Lutherischen Kirche Deutschlands (VELKD), die heute in Bremen beginnen sollte, wird digital durchgef\u00fchrt. Grund f\u00fcr diese Entscheidungen, die die Pr\u00e4sidien der VELKD und der Evangelischen Kirche in Deutschland (EKD) gemeinsam getroffen haben, ist ein Impfdurchbruch in einer Gremiensitzung am Vorabend der Generalsynode sowie die deutlich verschlechterte Corona-Situation. \u201eWir bedauern die Entscheidung sehr. Die Verantwortung f\u00fcr die Teilnehmenden hat jedoch h\u00f6chste Priorit\u00e4t\u201c, sagt der Pr\u00e4sident der Generalsynode, Dr. Matthias Kannengie\u00dfer.<\/p>\n<p><em>Hinweis: Die digitale Tagung der Generalsynode beginnt am 6. November 2021. \u00dcber ver\u00e4nderte Sitzungszeiten und die \u00dcbertragung im Livestream informieren wir auch auf <\/em><em>www.velkd.de\/13-generalsynode<\/em><em>. Die f\u00fcr den 6. November geplante Pressekonferenz findet nicht statt. Medienanfragen richten Sie bitte an Henrike M\u00fcller, Telefon 0151 46101520.<\/em><\/p>\n<p>Bremen, 5. November 2021<\/p>\n<p class=\"VELKDFlietext\"><span style=\"line-height:14pt\">Pressestelle der VELKD<\/span><br \/>Henrike M\u00fcller<\/p>\n<\/div>\n","protected":false},"excerpt":{"rendered":"<p>05.11.2021Pressemitteilung Pr\u00e4sidien entscheiden sich nach Impfdurchbruch und deutlich verschlechterter Corona-Lage gegen Pr\u00e4senztagung in Bremen Die 2. Tagung der 13. Generalsynode<\/p>\n","protected":false},"author":1,"featured_media":0,"comment_status":"closed","ping_status":"closed","sticky":false,"template":"","format":"standard","meta":{"footnotes":""},"categories":[20],"tags":[],"_links":{"self":[{"href":"https:\/\/krankenhauspfarramt.de\/index.php\/wp-json\/wp\/v2\/posts\/3908"}],"collection":[{"href":"https:\/\/krankenhauspfarramt.de\/index.php\/wp-json\/wp\/v2\/posts"}],"about":[{"href":"https:\/\/krankenhauspfarramt.de\/index.php\/wp-json\/wp\/v2\/types\/post"}],"author":[{"embeddable":true,"href":"https:\/\/krankenhauspfarramt.de\/index.php\/wp-json\/wp\/v2\/users\/1"}],"replies":[{"embeddable":true,"href":"https:\/\/krankenhauspfarramt.de\/index.php\/wp-json\/wp\/v2\/comments?post=3908"}],"version-history":[{"count":0,"href":"https:\/\/krankenhauspfarramt.de\/index.php\/wp-json\/wp\/v2\/posts\/3908\/revisions"}],"wp:attachment":[{"href":"https:\/\/krankenhauspfarramt.de\/index.php\/wp-json\/wp\/v2\/media?parent=3908"}],"wp:term":[{"taxonomy":"category","embeddable":true,"href":"https:\/\/krankenhauspfarramt.de\/index.php\/wp-json\/wp\/v2\/categories?post=3908"},{"taxonomy":"post_tag","embeddable":true,"href":"https:\/\/krankenhauspfarramt.de\/index.php\/wp-json\/wp\/v2\/tags?post=3908"}],"curies":[{"name":"wp","href":"https:\/\/api.w.org\/{rel}","templated":true}]}}