{"id":3909,"date":"2021-11-06T18:09:33","date_gmt":"2021-11-06T18:09:33","guid":{"rendered":"https:\/\/krankenhauspfarramt.de\/index.php\/2021\/11\/06\/ekd-synode-beginnt-mit-zdf-fernsehgottesdienst-ekd\/"},"modified":"2021-11-06T18:09:33","modified_gmt":"2021-11-06T18:09:33","slug":"ekd-synode-beginnt-mit-zdf-fernsehgottesdienst-ekd","status":"publish","type":"post","link":"https:\/\/krankenhauspfarramt.de\/index.php\/2021\/11\/06\/ekd-synode-beginnt-mit-zdf-fernsehgottesdienst-ekd\/","title":{"rendered":"EKD-Synode beginnt mit ZDF-Fernsehgottesdienst \u2013 EKD"},"content":{"rendered":"<p> <br \/>\n<\/p>\n<div id=\"\">\n<div class=\"article--meta article--meta__border clearfix\">\n<p>                                    <time datetime=\"06.11.2021 18:00\" class=\"article--time\">06.11.2021<\/time><strong class=\"article--type primus--overline\">Pressemitteilung<\/strong><\/p>\n<picture class=\"article--source-image image\"><source srcset=\"https:\/\/www.ekd.de\/ekd_de\/ds_img\/assets\/20170622_ekd-Quellenlogo_141_rdax_423x118.png\"><!--<source srcset=\"\/ekd_de\/ds_img\/assets\/20170622_ekd-Quellenlogo_141_rdax_141x39.png 1x, \/ekd_de\/ds_img\/assets\/20170622_ekd-Quellenlogo_141_rdax_282x78.png 2x, https:\/\/www.ekd.de\/ekd_de\/ds_img\/assets\/20170622_ekd-Quellenlogo_141_rdax_423x118.png 3x\">--><img decoding=\"async\" src=\"https:\/\/www.ekd.de\/ekd_de\/ds_img\/assets\/20170622_ekd-Quellenlogo_141_rdax_141x39.png\" alt=\"EKD Logo\" title=\"EKD Logo\"\/><\/source><\/picture>\n<\/p><\/div>\n<h2 class=\"article--sub-headline primus--sub-headline\">Tagung findet aufgrund der pandemischen Lage erneut digital statt<\/h2>\n<\/p><\/div>\n<div id=\"\">\n<p>Mit einem ZDF-Fernsehgottesdienst im Bremer Dom am Sonntag, 7. November 2021, um 9.30 Uhr, beginnt die 2. Tagung der 13. Synode der Evangelischen Kirche in Deutschland (EKD). Die Predigt h\u00e4lt Schriftf\u00fchrer Bernd Kuschnerus aus der Bremischen Evangelischen Kirche. Der Gottesdienst kann im ZDF verfolgt werden, die weitere Tagung im Livestream auf www.ekd.de\/stream.<\/p>\n<p>Urspr\u00fcnglich sollte die 2. Tagung der 13. Synode in Pr\u00e4senz in Bremen stattfinden. Aufgrund der in den vergangenen Tagen deutlich verschlechterten Corona-Situation sowie eines Impfdurchbruchs in einer vorgelagerten Gremiensitzung in Bremen, hat das Pr\u00e4sidium der Synode eine digitale Tagung beschlossen. \u00a0\u201eIch bin mir sicher, dass von dieser Synode mit ihren anstehenden Themen auch im digitalen Format viele wichtige Signale ausgehen werden\u201c, sagt EKD-Synodenpr\u00e4ses Anna-Nicole Heinrich.<\/p>\n<p>Im Fokus der Tagung steht die Wahl eines neuen Rates. Der Ratswahlausschuss hat daf\u00fcr 21 Kandidat:innen vorgeschlagen, die sich am Sonntag ab 16.30 Uhr den Synodalen vorstellen werden. Die Wahl des Rates ist f\u00fcr Dienstag, 9.11., ab 9 Uhr vorgesehen. Wer neue:r Ratsvorsitzende:r wird, soll sich am Mittwoch, 10.11., ab 9 Uhr entscheiden.<\/p>\n<p>Das Plenum beginnt am Sonntag, um 11.15 Uhr. Gegen 12 Uhr wird der Ratsvorsitzende, Landesbischof Heinrich Bedford-Strohm, seinen letzten Ratsbericht halten.<\/p>\n<p>Alle Informationen zur EKD-Synode finden Sie auf www.ekd.de\/synode.<\/p>\n<p>Bremen, 6. November 2021<\/p>\n<p>Pressestelle der EKD<br \/>Annika Lukas<\/p>\n<p>\u00a0<\/p>\n<p><em>\u00dcber die Synode der EKD: Die Synode der EKD ist neben Rat und Kirchenkonferenz eines der drei Leitungsorgane der EKD. Sie tagt vom 7. bis 10. November in Bremen. Nach der Grundordnung der EKD besteht die 13. Synode aus 120 Mitgliedern. Zu den Aufgaben der Synode z\u00e4hlen die Erarbeitung von Kundgebungen und Beschl\u00fcssen zu Fragen der Zeit sowie die Begleitung der Arbeit des Rates der EKD durch Richtlinien. Die Synode ber\u00e4t und beschlie\u00dft aber auch den Haushalt und die Kirchengesetze. Geleitet wird die Synode vom Pr\u00e4sidium unter dem Vorsitz von Pr\u00e4ses Anna-Nicole Heinrich. Sie ist zugleich Mitglied des 15-k\u00f6pfigen Rates der EKD. Vorsitzender des Rates der EKD ist Landesbischof Heinrich Bedford-Strohm. Die EKD ist die Gemeinschaft von 20 lutherischen, reformierten und unierten Landeskirchen. 20,2 Millionen evangelische Christinnen und Christen in Deutschland geh\u00f6ren zu einer der 13.200 Kirchengemeinden.<\/em><\/p>\n<\/div>\n<div id=\"\">\n<div class=\"article--downloads download\">\n<figure class=\"image image__float\" style=\"z-index: 4; position: relative;\"><picture><source srcset=\"https:\/\/www.ekd.de\/ekd_de\/ds_img\/assets_789_x\/211001-ekd-synode2021_1875x1056_rdax_263x148_60.jpg 1x, https:\/\/www.ekd.de\/ekd_de\/ds_img\/assets_789_x\/211001-ekd-synode2021_1875x1056_rdax_526x296_60.jpg 2x, https:\/\/www.ekd.de\/ekd_de\/ds_img\/assets_789_x\/211001-ekd-synode2021_1875x1056_rdax_60.jpg 3x\"><img decoding=\"async\" src=\"https:\/\/www.ekd.de\/ekd_de\/ds_img\/assets_789_x\/211001-ekd-synode2021_1875x1056_rdax_263x148_60.jpg\" alt=\"Motivbild Synode 2021\" title=\"Motivbild Synode 2021\"\/><\/source><\/picture>\n<\/figure>\n<p><h3 class=\"primus--sub-headline\">EKD-Synode 2021<\/h3>\n<\/p>\n<p>Die <strong>2. Tagung der 13. Synode<\/strong> der EKD findet vom <strong>7. bis 10. November 2021 digital <\/strong>statt. Auf dieser Seite finden Sie alle Informationen zur Synodentagung und der Wahl des neuen Rates der EKD.<\/p>\n<\/p><\/div>\n<\/div>\n","protected":false},"excerpt":{"rendered":"<p>06.11.2021Pressemitteilung Tagung findet aufgrund der pandemischen Lage erneut digital statt Mit einem ZDF-Fernsehgottesdienst im Bremer Dom am Sonntag, 7. November<\/p>\n","protected":false},"author":1,"featured_media":0,"comment_status":"closed","ping_status":"closed","sticky":false,"template":"","format":"standard","meta":{"footnotes":""},"categories":[20],"tags":[],"_links":{"self":[{"href":"https:\/\/krankenhauspfarramt.de\/index.php\/wp-json\/wp\/v2\/posts\/3909"}],"collection":[{"href":"https:\/\/krankenhauspfarramt.de\/index.php\/wp-json\/wp\/v2\/posts"}],"about":[{"href":"https:\/\/krankenhauspfarramt.de\/index.php\/wp-json\/wp\/v2\/types\/post"}],"author":[{"embeddable":true,"href":"https:\/\/krankenhauspfarramt.de\/index.php\/wp-json\/wp\/v2\/users\/1"}],"replies":[{"embeddable":true,"href":"https:\/\/krankenhauspfarramt.de\/index.php\/wp-json\/wp\/v2\/comments?post=3909"}],"version-history":[{"count":0,"href":"https:\/\/krankenhauspfarramt.de\/index.php\/wp-json\/wp\/v2\/posts\/3909\/revisions"}],"wp:attachment":[{"href":"https:\/\/krankenhauspfarramt.de\/index.php\/wp-json\/wp\/v2\/media?parent=3909"}],"wp:term":[{"taxonomy":"category","embeddable":true,"href":"https:\/\/krankenhauspfarramt.de\/index.php\/wp-json\/wp\/v2\/categories?post=3909"},{"taxonomy":"post_tag","embeddable":true,"href":"https:\/\/krankenhauspfarramt.de\/index.php\/wp-json\/wp\/v2\/tags?post=3909"}],"curies":[{"name":"wp","href":"https:\/\/api.w.org\/{rel}","templated":true}]}}