{"id":3910,"date":"2021-11-06T22:10:20","date_gmt":"2021-11-06T22:10:20","guid":{"rendered":"https:\/\/krankenhauspfarramt.de\/index.php\/2021\/11\/06\/ralf-meister-bleibt-leitender-bischof-der-velkd-ekd\/"},"modified":"2021-11-06T22:10:20","modified_gmt":"2021-11-06T22:10:20","slug":"ralf-meister-bleibt-leitender-bischof-der-velkd-ekd","status":"publish","type":"post","link":"https:\/\/krankenhauspfarramt.de\/index.php\/2021\/11\/06\/ralf-meister-bleibt-leitender-bischof-der-velkd-ekd\/","title":{"rendered":"Ralf Meister bleibt Leitender Bischof der VELKD \u2013 EKD"},"content":{"rendered":"<p> <br \/>\n<\/p>\n<div id=\"\">\n<div class=\"article--meta article--meta__border clearfix\">\n<p>                                    <time datetime=\"06.11.2021 21:00\" class=\"article--time\">06.11.2021<\/time><strong class=\"article--type primus--overline\">Pressemitteilung<\/strong><\/p>\n<picture class=\"article--source-image image\"><source srcset=\"https:\/\/www.ekd.de\/ekd_de\/ds_img\/assets\/velkd.jpg\"><!--<source srcset=\"\/ekd_de\/ds_img\/assets\/velkd_rdax_141x141.jpg 1x, \/ekd_de\/ds_img\/assets\/velkd_rdax_282x282.jpg 2x, https:\/\/www.ekd.de\/ekd_de\/ds_img\/assets\/velkd.jpg 3x\">--><img decoding=\"async\" src=\"https:\/\/www.ekd.de\/ekd_de\/ds_img\/assets\/velkd_rdax_141x141.jpg\" alt=\"Logo Vereinigte Evangelisch-Lutherische Kirche Deutschlands\" title=\"Logo Vereinigte Evangelisch-Lutherische Kirche Deutschlands\"\/><\/source><\/picture>\n<\/p><\/div>\n<h2 class=\"article--sub-headline primus--sub-headline\">Landesbisch\u00f6fin Kristina K\u00fchnbaum-Schmidt als stellvertretende Leitende Bisch\u00f6fin best\u00e4tigt <\/h2>\n<\/p><\/div>\n<div id=\"\">\n<p class=\"VELKDFlietext\"><span style=\"line-height:normal\">Die Generalsynode der Vereinigten Evangelisch-Lutherischen Kirche Deutschlands (VELKD) hat Landesbischof Ralf Meister auf ihrer digitalen Tagung im Amt des Leitenden Bischofs best\u00e4tigt. Damit bleibt der Landesbischof der Evangelisch-lutherischen Landeskirche Hannovers f\u00fcr weitere drei Jahre Leitender Geistlicher der VELKD, Vorsitzender der Bischofskonferenz und der Kirchenleitung. Pr\u00e4sident Dr.\u00a0Matthias Kannengie\u00dfer gratulierte im Namen der Generalsynode: \u201eWir freuen uns, dass Ralf Meister f\u00fcr weitere drei Jahre als Leitender Bischof der VELKD die evangelisch-lutherische Stimme in der Vielfalt des Protestantismus vertritt. Mit gro\u00dfer Souver\u00e4nit\u00e4t findet er in jeder Situation den richtigen Ton\u00a0\u2013\u00a0als lutherischer Theologe, als Moderator, als Seelsorger. Seine geistlichen und thematischen Impulse bereichern die Arbeit der VELKD und geben Orientierung in bewegten Zeiten. Er bezieht klare Positionen in innerkirchlichen und gesellschaftlichen Debatten. Wir danken ihm, dass er das Amt f\u00fcr weitere drei Jahre \u00fcbernimmt.\u201c <\/span><\/p>\n<p class=\"VELKDFlietext\"><span style=\"line-height:normal\">Ralf Meister nahm die Wahl dankend an: \u201eIch freue mich, den Wandel, in dem die Kirche sich befindet, im Team mit Landesbisch\u00f6fin Kristina K\u00fchnbaum-Schmidt und gemeinsam mit einer neuen Kirchenleitung f\u00fcr die VELKD zu gestalten und die Gliedkirchen in ihren Zukunftsprozessen zu unterst\u00fctzen. Die offene Gespr\u00e4chskultur in der VELKD ist eine ihrer gro\u00dfen St\u00e4rken. Der kollegiale Austausch, die konstruktiven, oft auch kontroversen Debatten tragen dazu bei, die VELKD als theologischen \u201athink tank\u2018 weiter zu profilieren. Gerne begleite ich diese Arbeit auch in Zukunft als Leitender Bischof.\u201c<\/span><\/p>\n<p class=\"VELKDFlietext\"><span style=\"line-height:normal\">Die Bischofskonferenz best\u00e4tigte in einer Ad-hoc-Sitzung nach der Wahl auch Landesbisch\u00f6fin Kristina K\u00fchnbaum-Schmidt als stellvertretende Leitende Bisch\u00f6fin mit gro\u00dfem Dank daf\u00fcr, dass sie bereit ist, das Amt f\u00fcr weitere drei Jahre zu \u00fcbernehmen. <\/span><\/p>\n<p class=\"VELKDFlietext\"><em>Hinweis: Die 2. Tagung der 13. Generalsynode der VELKD findet vom<br \/>6.\u20138.\u00a0November\u00a02021 digital statt<\/em><em>: <\/em><em>www.velkd.de\/13-generalsynode<\/em><span style=\"text-decoration-line:underline; text-decoration-thickness:initial\"><em>.<\/em><\/span><\/p>\n<p class=\"VELKDFlietext\"><span style=\"line-height:normal\">Bremen\/Hannover, 6. November 2021<\/span><\/p>\n<p class=\"VELKDFlietext\"><span style=\"line-height:normal\">Pressestelle der VELKD<br \/>Henrike M\u00fcller<\/span><\/p>\n<\/div>\n","protected":false},"excerpt":{"rendered":"<p>06.11.2021Pressemitteilung Landesbisch\u00f6fin Kristina K\u00fchnbaum-Schmidt als stellvertretende Leitende Bisch\u00f6fin best\u00e4tigt Die Generalsynode der Vereinigten Evangelisch-Lutherischen Kirche Deutschlands (VELKD) hat Landesbischof Ralf<\/p>\n","protected":false},"author":1,"featured_media":0,"comment_status":"closed","ping_status":"closed","sticky":false,"template":"","format":"standard","meta":{"footnotes":""},"categories":[20],"tags":[],"_links":{"self":[{"href":"https:\/\/krankenhauspfarramt.de\/index.php\/wp-json\/wp\/v2\/posts\/3910"}],"collection":[{"href":"https:\/\/krankenhauspfarramt.de\/index.php\/wp-json\/wp\/v2\/posts"}],"about":[{"href":"https:\/\/krankenhauspfarramt.de\/index.php\/wp-json\/wp\/v2\/types\/post"}],"author":[{"embeddable":true,"href":"https:\/\/krankenhauspfarramt.de\/index.php\/wp-json\/wp\/v2\/users\/1"}],"replies":[{"embeddable":true,"href":"https:\/\/krankenhauspfarramt.de\/index.php\/wp-json\/wp\/v2\/comments?post=3910"}],"version-history":[{"count":0,"href":"https:\/\/krankenhauspfarramt.de\/index.php\/wp-json\/wp\/v2\/posts\/3910\/revisions"}],"wp:attachment":[{"href":"https:\/\/krankenhauspfarramt.de\/index.php\/wp-json\/wp\/v2\/media?parent=3910"}],"wp:term":[{"taxonomy":"category","embeddable":true,"href":"https:\/\/krankenhauspfarramt.de\/index.php\/wp-json\/wp\/v2\/categories?post=3910"},{"taxonomy":"post_tag","embeddable":true,"href":"https:\/\/krankenhauspfarramt.de\/index.php\/wp-json\/wp\/v2\/tags?post=3910"}],"curies":[{"name":"wp","href":"https:\/\/api.w.org\/{rel}","templated":true}]}}