{"id":3911,"date":"2021-11-07T02:11:08","date_gmt":"2021-11-07T02:11:08","guid":{"rendered":"https:\/\/krankenhauspfarramt.de\/index.php\/2021\/11\/07\/geistliche-freiraeume-eroeffnen-ekd\/"},"modified":"2021-11-07T02:11:08","modified_gmt":"2021-11-07T02:11:08","slug":"geistliche-freiraeume-eroeffnen-ekd","status":"publish","type":"post","link":"https:\/\/krankenhauspfarramt.de\/index.php\/2021\/11\/07\/geistliche-freiraeume-eroeffnen-ekd\/","title":{"rendered":"Geistliche Freir\u00e4ume er\u00f6ffnen \u2013 EKD"},"content":{"rendered":"<p> <br \/>\n<\/p>\n<div id=\"\">\n<div class=\"article--meta article--meta__border clearfix\">\n<p>                                    <time datetime=\"06.11.2021 20:00\" class=\"article--time\">06.11.2021<\/time><strong class=\"article--type primus--overline\">Pressemitteilung<\/strong><\/p>\n<picture class=\"article--source-image image\"><source srcset=\"https:\/\/www.ekd.de\/ekd_de\/ds_img\/assets\/velkd.jpg\"><!--<source srcset=\"\/ekd_de\/ds_img\/assets\/velkd_rdax_141x141.jpg 1x, \/ekd_de\/ds_img\/assets\/velkd_rdax_282x282.jpg 2x, https:\/\/www.ekd.de\/ekd_de\/ds_img\/assets\/velkd.jpg 3x\">--><img decoding=\"async\" src=\"https:\/\/www.ekd.de\/ekd_de\/ds_img\/assets\/velkd_rdax_141x141.jpg\" alt=\"Logo Vereinigte Evangelisch-Lutherische Kirche Deutschlands\" title=\"Logo Vereinigte Evangelisch-Lutherische Kirche Deutschlands\"\/><\/source><\/picture>\n<\/p><\/div>\n<h2 class=\"article--sub-headline primus--sub-headline\">Digitale Tagung der Generalsynode der VELKD beginnt mit Bericht des Leitenden Bischofs <\/h2>\n<\/p><\/div>\n<div id=\"\">\n<p style=\"margin-bottom:8pt; margin-left:0cm; margin-right:0cm; margin-top:0cm\"><span style=\"line-height:107%\">Am Abend (6. November) hat die 2. Tagung der 13. Generalsynode der Vereinigten Evangelisch-Lutherischen Kirche Deutschlands (VELKD) begonnen. Zu \u201egeistlichem Freiraum\u201c in Kirchenentwicklungsprozessen ermutigte der Leitende Bischof, Landesbischof Ralf Meister, in seinem Bericht zum Thema \u201eDie Zukunft ist sein Land\u201c: \u201eEs gibt eine Tendenz zur \u00dcbersteuerung innerhalb unserer Kirche. Abl\u00e4ufe und Verfahren werden so ausgeweitet, dass (\u2026) der geistliche Freiraum (\u2026) aus dem Zentrum ger\u00e4t. Diesen geistlichen Freiraum aber brauchen wir f\u00fcr uns als Ehrenamtliche und beruflich T\u00e4tige, um als Gestaltende uns immer wieder des Auftrags zu vergewissern, der Grund unseres Handelns ist. Und f\u00fcr die Kirche, um nicht stecken zu bleiben in Debatten \u00fcber rechtliche Rahmenbedingungen, finanzielle Ausstattung, Strukturen und Organisationsformen.\u201c <\/span><\/p>\n<p style=\"margin-bottom:8pt; margin-left:0cm; margin-right:0cm; margin-top:0cm\"><span style=\"line-height:107%\">Als eine zentrale Frage in der \u201eSteuerung unserer Kirchen\u201c beschrieb der Leitende Bischof die \u201eVerh\u00e4ltnisbestimmung zwischen unseren eigenen Bem\u00fchungen und dem Handeln Gottes mit dem Wirken des Geistes\u201c: \u201eAls Kirchengestaltende steht jede, jeder vor diesem Dilemma: Wir m\u00fcssen uns mit der konkreten Organisationsgestalt der Kirche besch\u00e4ftigen. Und wir suchen die Ankn\u00fcpfungspunkte an eine Welt, in der die religi\u00f6se Krise eine Gotteskrise geworden ist, und fragen nach unserem Auftrag.\u201c<\/span><\/p>\n<p style=\"margin-bottom:8pt; margin-left:0cm; margin-right:0cm; margin-top:0cm\"><span style=\"line-height:107%\">Leitend m\u00fcsse die Frage sein: \u201eWas dient den Menschen, wie k\u00f6nnen sie in Kontakt mit dem Evangelium kommen? Das wird in der Konsequenz weitreichende \u00c4nderungen in unserer Kirche bedeuten.\u201c In den vergangenen 18\u00a0Monaten habe es eine rasante Entwicklung von Gemeinschafts- und Verk\u00fcndigungsformen gegeben. Dies rufe \u201enach effizienter und effektiver Verwaltung und zielgerichtet arbeitenden Einrichtungen\u201c und zeige die Notwendigkeit einer Vielfalt der Formen, die \u201eauf viele klassische Voraussetzungen verzichten\u201c werde. <\/span><\/p>\n<p style=\"margin-bottom:8pt; margin-left:0cm; margin-right:0cm; margin-top:0cm\"><span style=\"line-height:107%\">Hinweis: Den Bericht im Wortlaut k\u00f6nnen Sie unter www.velkd.de\/13-generalsynode-berichte nachlesen. Die 2. Tagung der 13. Generalsynode findet vom 6.\u20138. November 2021 digital statt. Informationen, Berichte und Bilder finden Sie hier: www.velkd.de\/13-generalsynode. <\/span><\/p>\n<p style=\"margin-bottom:8pt; margin-left:0cm; margin-right:0cm; margin-top:0cm\"><span style=\"line-height:107%\">\u00a0<\/span><span style=\"line-height:107%\">Bremen\/Hannover, 6. November 2021<\/span><\/p>\n<p style=\"margin-bottom:8pt; margin-left:0cm; margin-right:0cm; margin-top:0cm\"><span style=\"line-height:107%\">Pressestelle der VELKD<\/span><br \/><span style=\"line-height:107%\">Henrike M\u00fcller<\/span><\/p>\n<p style=\"margin-bottom:8pt; margin-left:0cm; margin-right:0cm; margin-top:0cm\">\u00a0<\/p>\n<\/div>\n","protected":false},"excerpt":{"rendered":"<p>06.11.2021Pressemitteilung Digitale Tagung der Generalsynode der VELKD beginnt mit Bericht des Leitenden Bischofs Am Abend (6. November) hat die 2.<\/p>\n","protected":false},"author":1,"featured_media":0,"comment_status":"closed","ping_status":"closed","sticky":false,"template":"","format":"standard","meta":{"footnotes":""},"categories":[20],"tags":[],"_links":{"self":[{"href":"https:\/\/krankenhauspfarramt.de\/index.php\/wp-json\/wp\/v2\/posts\/3911"}],"collection":[{"href":"https:\/\/krankenhauspfarramt.de\/index.php\/wp-json\/wp\/v2\/posts"}],"about":[{"href":"https:\/\/krankenhauspfarramt.de\/index.php\/wp-json\/wp\/v2\/types\/post"}],"author":[{"embeddable":true,"href":"https:\/\/krankenhauspfarramt.de\/index.php\/wp-json\/wp\/v2\/users\/1"}],"replies":[{"embeddable":true,"href":"https:\/\/krankenhauspfarramt.de\/index.php\/wp-json\/wp\/v2\/comments?post=3911"}],"version-history":[{"count":0,"href":"https:\/\/krankenhauspfarramt.de\/index.php\/wp-json\/wp\/v2\/posts\/3911\/revisions"}],"wp:attachment":[{"href":"https:\/\/krankenhauspfarramt.de\/index.php\/wp-json\/wp\/v2\/media?parent=3911"}],"wp:term":[{"taxonomy":"category","embeddable":true,"href":"https:\/\/krankenhauspfarramt.de\/index.php\/wp-json\/wp\/v2\/categories?post=3911"},{"taxonomy":"post_tag","embeddable":true,"href":"https:\/\/krankenhauspfarramt.de\/index.php\/wp-json\/wp\/v2\/tags?post=3911"}],"curies":[{"name":"wp","href":"https:\/\/api.w.org\/{rel}","templated":true}]}}