{"id":3913,"date":"2021-11-07T13:14:37","date_gmt":"2021-11-07T13:14:37","guid":{"rendered":"https:\/\/krankenhauspfarramt.de\/index.php\/2021\/11\/07\/evangelische-kirche-beginnt-jahrestagung-mit-gottesdienst-ekd\/"},"modified":"2021-11-07T13:14:37","modified_gmt":"2021-11-07T13:14:37","slug":"evangelische-kirche-beginnt-jahrestagung-mit-gottesdienst-ekd","status":"publish","type":"post","link":"https:\/\/krankenhauspfarramt.de\/index.php\/2021\/11\/07\/evangelische-kirche-beginnt-jahrestagung-mit-gottesdienst-ekd\/","title":{"rendered":"Evangelische Kirche beginnt Jahrestagung mit Gottesdienst \u2013 EKD"},"content":{"rendered":"<p> <br \/>\n<\/p>\n<div>\n<p>Die Synode soll in den kommenden Tagen einen neuen Rat der EKD w\u00e4hlen und auch \u00fcber die Nachfolge f\u00fcr den Ratsvorsitzenden Heinrich Bedford-Strohm entscheiden. Er kandidiert nicht erneut. F\u00fcr das kirchliche Leitungsgremium gibt es 21 Kandidatinnen und Kandidaten. Zu vergeben sind 14 der insgesamt 15 Pl\u00e4tze. Die Synodenpr\u00e4ses geh\u00f6rt dem Rat qua Amt an.<\/p>\n<p>Im vom ZDF \u00fcbertragenen Er\u00f6ffnungsgottesdienst stand das Thema Frieden im Zentrum. Der leitende Geistliche der Bremer Kirche, Schriftf\u00fchrer Bernd Kuschnerus, rief zu mehr Einsatz f\u00fcr zivile Konfliktl\u00f6sungen auf. Es gebe immer mehr Streit und Krieg. \u201eAllein die Zahl der Kriege ist im Jahr 2020 von 15 auf 21 gestiegen, die der gewaltsamen Krisen von 158 auf 180\u201c, sagte er unter Berufung auf das Heidelberger Institut f\u00fcr Internationale Konfliktforschung. St\u00e4ndig w\u00fcrden immer raffiniertere Waffensysteme entwickelt. \u201eDoch wir brauchen nicht immer intelligentere Waffen\u201c, sagte Kuschnerus: \u201eWir brauchen eine intelligente Menschlichkeit.\u201c<\/p>\n<p>F\u00fcr Sonntag steht nach dem Gottesdienst der letzte Bericht des Ratsvorsitzenden Bedford-Strohm auf der Tagesordnung. Am sp\u00e4ten Nachmittag stellen sich dann die Kandidatinnen und Kandidaten f\u00fcr die neue Amtsperiode vors. Der Rat soll am Dienstag neu gew\u00e4hlt werden, der oder die neue Ratsvorsitzende am Mittwochvormittag. Zudem steht f\u00fcr Montag der Stand der Aufarbeitung von F\u00e4llen sexualisierter Gewalt in der evangelischen Kirche auf der Tagesordnung.<\/p>\n<\/p><\/div>\n","protected":false},"excerpt":{"rendered":"<p>Die Synode soll in den kommenden Tagen einen neuen Rat der EKD w\u00e4hlen und auch \u00fcber die Nachfolge f\u00fcr den<\/p>\n","protected":false},"author":1,"featured_media":0,"comment_status":"closed","ping_status":"closed","sticky":false,"template":"","format":"standard","meta":{"footnotes":""},"categories":[20],"tags":[],"_links":{"self":[{"href":"https:\/\/krankenhauspfarramt.de\/index.php\/wp-json\/wp\/v2\/posts\/3913"}],"collection":[{"href":"https:\/\/krankenhauspfarramt.de\/index.php\/wp-json\/wp\/v2\/posts"}],"about":[{"href":"https:\/\/krankenhauspfarramt.de\/index.php\/wp-json\/wp\/v2\/types\/post"}],"author":[{"embeddable":true,"href":"https:\/\/krankenhauspfarramt.de\/index.php\/wp-json\/wp\/v2\/users\/1"}],"replies":[{"embeddable":true,"href":"https:\/\/krankenhauspfarramt.de\/index.php\/wp-json\/wp\/v2\/comments?post=3913"}],"version-history":[{"count":0,"href":"https:\/\/krankenhauspfarramt.de\/index.php\/wp-json\/wp\/v2\/posts\/3913\/revisions"}],"wp:attachment":[{"href":"https:\/\/krankenhauspfarramt.de\/index.php\/wp-json\/wp\/v2\/media?parent=3913"}],"wp:term":[{"taxonomy":"category","embeddable":true,"href":"https:\/\/krankenhauspfarramt.de\/index.php\/wp-json\/wp\/v2\/categories?post=3913"},{"taxonomy":"post_tag","embeddable":true,"href":"https:\/\/krankenhauspfarramt.de\/index.php\/wp-json\/wp\/v2\/tags?post=3913"}],"curies":[{"name":"wp","href":"https:\/\/api.w.org\/{rel}","templated":true}]}}