{"id":3916,"date":"2021-11-07T22:27:04","date_gmt":"2021-11-07T22:27:04","guid":{"rendered":"https:\/\/krankenhauspfarramt.de\/index.php\/2021\/11\/07\/in-der-oekumenischen-leidenschaft-nicht-nachlassen-ekd\/"},"modified":"2021-11-07T22:27:04","modified_gmt":"2021-11-07T22:27:04","slug":"in-der-oekumenischen-leidenschaft-nicht-nachlassen-ekd","status":"publish","type":"post","link":"https:\/\/krankenhauspfarramt.de\/index.php\/2021\/11\/07\/in-der-oekumenischen-leidenschaft-nicht-nachlassen-ekd\/","title":{"rendered":"In der \u00f6kumenischen Leidenschaft nicht nachlassen \u2013 EKD"},"content":{"rendered":"<p> <br \/>\n<\/p>\n<div id=\"\">\n<div class=\"article--meta article--meta__border clearfix\">\n<p>                                    <time datetime=\"07.11.2021 22:00\" class=\"article--time\">07.11.2021<\/time><strong class=\"article--type primus--overline\">Pressemitteilung<\/strong><\/p>\n<picture class=\"article--source-image image\"><source srcset=\"https:\/\/www.ekd.de\/ekd_de\/ds_img\/assets\/velkd.jpg\"><!--<source srcset=\"\/ekd_de\/ds_img\/assets\/velkd_rdax_141x141.jpg 1x, \/ekd_de\/ds_img\/assets\/velkd_rdax_282x282.jpg 2x, https:\/\/www.ekd.de\/ekd_de\/ds_img\/assets\/velkd.jpg 3x\">--><img decoding=\"async\" src=\"https:\/\/www.ekd.de\/ekd_de\/ds_img\/assets\/velkd_rdax_141x141.jpg\" alt=\"Logo Vereinigte Evangelisch-Lutherische Kirche Deutschlands\" title=\"Logo Vereinigte Evangelisch-Lutherische Kirche Deutschlands\"\/><\/source><\/picture>\n<\/p><\/div>\n<h2 class=\"article--sub-headline primus--sub-headline\">Catholica-Beauftragter der VELKD: Besch\u00e4ftigung der Kirchen mit sich selbst d\u00fcrfe der \u00d6kumene nicht im Wege stehen <\/h2>\n<\/p><\/div>\n<div id=\"\">\n<p class=\"VELKDFlietext\"><span style=\"line-height:14pt\">Der Catholica-Beauftragte der Vereinigten Evangelisch-Lutherischen Kirche Deutschlands (VELKD), Landesbischof Dr. Karl-Hinrich Manzke, hat der Bitte Ausdruck gegeben, dass \u201edie Besch\u00e4ftigung der Kirchen mit sich selbst die Weiterarbeit an den \u00f6kumenischen Projekten nicht v\u00f6llig vergessen l\u00e4sst\u201c.<\/span><\/p>\n<p class=\"VELKDFlietext\"><span style=\"line-height:14pt\">In seinem schriftlichen Bericht \u00fcber die Catholica-Arbeit der VELKD, den er in einer kurzen Zusammenfassung den Synodalen der VELKD und der Evangelischen Kirche in Deutschland (EKD) im Rahmen der digitalen Synodentagungen vorstellte, hei\u00dft es, dass nach der \u00f6kumenischen Aufbruchsstimmung des Jahres 2017 der \u00f6kumenische Entwicklungsprozess national und international ins Stocken geraten sei. Dies sei \u201em\u00f6glicherweise darauf zur\u00fcckzuf\u00fchren (\u2026), dass die inneren Debatten um den Weg der r\u00f6misch-katholischen Kirche sehr zehrend sind und die Beteiligten und die Verantwortlichen sehr beanspruchen. Die beiden gro\u00dfen Kirchen in Deutschland sind zurzeit mit einem enormen Vertrauens- und Glaubw\u00fcrdigkeitsverlust konfrontiert. Den gilt es anzuerkennen, den gilt es auszuhalten und gemeinsam zu tragen. Und es gilt auch uneingeschr\u00e4nkt und auf lange Sicht, in sich zu gehen, von falschen Wegen und Sicherheiten umzukehren und die n\u00f6tigen Schl\u00fcsse aus den Erfahrungen zu ziehen\u201c.<\/span><\/p>\n<p class=\"VELKDFlietext\"><span style=\"line-height:14pt\">In Deutschland gebe es eine \u201e\u00f6kumenische Schicksalsgemeinschaft der Kirchen\u201c: \u201eMan steht immer gemeinsam im Fokus. Schon aus diesem Grunde sollten die Kirchen um der Gl\u00e4ubigen und der in den letzten Jahren gewachsenen Erwartungen willen die konkreten \u00f6kumenischen Projekte in Deutschland weiterf\u00fchren.\u201c Als Beispiele nennt er die Bem\u00fchungen um eucharistische Gemeinschaft und die \u201eAufgabe der beiden gro\u00dfen Kirchen in Deutschland, den Menschen auch im \u00f6ffentlichen Raum in einem guten \u00f6kumenischen Geist gemeinsam zur Seite zu stehen\u201c. <\/span><\/p>\n<p class=\"VELKDFlietext\"><span style=\"line-height:14pt\">Den Kirchen komme \u201eeine besondere Verantwortung f\u00fcr das Verbindende in unserer Gesellschaft zu. Auseinanderstrebendes zusammen zu halten, die notwendige Arbeit f\u00fcr ein gemeinsam geteiltes Gutes bewusst zu machen in allen Bereichen der Gesellschaft, ist eine ehrenvolle und bleibende Aufgabe\u201c. <\/span><\/p>\n<p class=\"VELKDFlietext\"><span style=\"line-height:14pt\">In seinem Bericht geht der Catholica-Beauftragte auch auf die Enzyklika \u201eFratelli Tutti\u201c von Papst Franziskus ein und hebt \u201eden Dienst der Religionen an der Geschwisterlichkeit in der Welt\u201c hervor. Au\u00dferdem analysiert er die synodalen\u00a0<\/span><span style=\"line-height:14pt\">Reformprozesse in der katholischen Kirche und \u00e4u\u00dfert sich zur Rezeption der Studie \u201eGemeinsam am Tisch des Herrn\u201c des \u00d6kumenischen Arbeitskreises Evangelischer und Katholischer Theologen.<\/span><\/p>\n<p class=\"VELKDFlietext\"><span style=\"line-height:14pt\"><em>Hinweis: Den Bericht im Wortlaut finden Sie unter <\/em><em>www.velkd.de\/13-generalsynode-berichte<\/em><em>.\u00a0 <\/em><\/span><\/p>\n<p class=\"VELKDFlietext\"><span style=\"line-height:14pt\">Bremen\/Hannover, 7. November 2021<\/span><\/p>\n<p class=\"VELKDFlietext\"><span style=\"line-height:14pt\">Pressestelle der VELKD<\/span><br \/><span style=\"line-height:14pt\">Henrike M\u00fcller<\/span><\/p>\n<\/div>\n","protected":false},"excerpt":{"rendered":"<p>07.11.2021Pressemitteilung Catholica-Beauftragter der VELKD: Besch\u00e4ftigung der Kirchen mit sich selbst d\u00fcrfe der \u00d6kumene nicht im Wege stehen Der Catholica-Beauftragte der<\/p>\n","protected":false},"author":1,"featured_media":0,"comment_status":"closed","ping_status":"closed","sticky":false,"template":"","format":"standard","meta":{"footnotes":""},"categories":[20],"tags":[],"_links":{"self":[{"href":"https:\/\/krankenhauspfarramt.de\/index.php\/wp-json\/wp\/v2\/posts\/3916"}],"collection":[{"href":"https:\/\/krankenhauspfarramt.de\/index.php\/wp-json\/wp\/v2\/posts"}],"about":[{"href":"https:\/\/krankenhauspfarramt.de\/index.php\/wp-json\/wp\/v2\/types\/post"}],"author":[{"embeddable":true,"href":"https:\/\/krankenhauspfarramt.de\/index.php\/wp-json\/wp\/v2\/users\/1"}],"replies":[{"embeddable":true,"href":"https:\/\/krankenhauspfarramt.de\/index.php\/wp-json\/wp\/v2\/comments?post=3916"}],"version-history":[{"count":0,"href":"https:\/\/krankenhauspfarramt.de\/index.php\/wp-json\/wp\/v2\/posts\/3916\/revisions"}],"wp:attachment":[{"href":"https:\/\/krankenhauspfarramt.de\/index.php\/wp-json\/wp\/v2\/media?parent=3916"}],"wp:term":[{"taxonomy":"category","embeddable":true,"href":"https:\/\/krankenhauspfarramt.de\/index.php\/wp-json\/wp\/v2\/categories?post=3916"},{"taxonomy":"post_tag","embeddable":true,"href":"https:\/\/krankenhauspfarramt.de\/index.php\/wp-json\/wp\/v2\/tags?post=3916"}],"curies":[{"name":"wp","href":"https:\/\/api.w.org\/{rel}","templated":true}]}}