{"id":3917,"date":"2021-11-08T09:31:16","date_gmt":"2021-11-08T09:31:16","guid":{"rendered":"https:\/\/krankenhauspfarramt.de\/index.php\/2021\/11\/08\/catholica-bischof-sorgt-sich-um-fortschritte-in-der-oekumene-ekd\/"},"modified":"2021-11-08T09:31:16","modified_gmt":"2021-11-08T09:31:16","slug":"catholica-bischof-sorgt-sich-um-fortschritte-in-der-oekumene-ekd","status":"publish","type":"post","link":"https:\/\/krankenhauspfarramt.de\/index.php\/2021\/11\/08\/catholica-bischof-sorgt-sich-um-fortschritte-in-der-oekumene-ekd\/","title":{"rendered":"Catholica-Bischof sorgt sich um Fortschritte in der \u00d6kumene \u2013 EKD"},"content":{"rendered":"<p> <br \/>\n<\/p>\n<div>\n<p>Die beiden gro\u00dfen Kirchen in Deutschland seien derzeit mit einem enormen Vertrauens- und Glaubw\u00fcrdigkeitsverlust konfrontiert. \u201eDen gilt es anzuerkennen, den gilt es auszuhalten und gemeinsam zu tragen\u201c, hei\u00dft es im schriftlichen Teil des Berichts. Manzke ist Landesbischof der schaumburg-lippischen Landeskirche und Catholica-Beauftragter der Vereinigten Evangelisch-Lutherischen Kirche Deutschlands (VELKD). Er sprach von einer \u201e\u00f6kumenischen Schicksalsgemeinschaft\u201c. Er appellierte an beide Kirchen, die entwickelten Projekte und die \u00f6kumenische Leidenschaft vertrauensvoll und deutlich weiterzuf\u00fchren.<\/p>\n<p>Er appellierte, den Schwung des 500. Reformationsjubil\u00e4ums 2017 zu nutzen. Beispielsweise sei es damals m\u00f6glich erschienen, im interkonfessionellen Dialog bald auf eine gemeinsame Erkl\u00e4rung zu Kirche, Amt und Eucharistie zuzugehen. Dem sei die Orientierungshilfe der katholischen Deutschen Bischofskonferenz f\u00fcr die Eucharistie konfessionsverschiedener Paare gefolgt. Das habe Hoffnung auf mehr gemacht, sagte Manzke. Er hob die konfessionssensiblen Mahlfeiern beim 3. \u00d6kumenischen Kirchentag im Mai 2021 in Frankfurt am Main als positives Beispiel hervor, bei denen \u00f6kumenische Spielr\u00e4ume genutzt worden seien.<\/p>\n<p>Auch der Kirchenpr\u00e4sident der Evangelischen Kirche in Hessen und Nassau, Volker Jung, sagte in seinem \u00d6kumene-Bericht, die Abendmahlsgottesdienste auf dem \u00d6kumenischen Kirchentag seien \u201evon gro\u00dfer Bedeutung\u201c gewesen. Auf dem Kirchentag in Mai hatten Katholiken und Protestanten sich gegenseitig zur Teilnahme am Abendmahl der jeweils anderen Konfession eingeladen. So hatte beispielsweise die evangelische Pr\u00e4sidentin des \u00d6kumenischen Kirchentags, Bettina Limperg, im Frankfurter Dom neben dem Vorsitzenden der katholischen Deutschen Bischofskonferenz, Georg B\u00e4tzing, an der katholischen Eucharistie teilgenommen.<\/p>\n<p>Jung k\u00fcndigte zudem einen neuen \u00f6kumenischen Austausch zwischen dem Vatikan und der Gemeinschaft der Evangelischen Kirchen in Europa f\u00fcr das kommende Jahr an.<\/p>\n<\/p><\/div>\n","protected":false},"excerpt":{"rendered":"<p>Die beiden gro\u00dfen Kirchen in Deutschland seien derzeit mit einem enormen Vertrauens- und Glaubw\u00fcrdigkeitsverlust konfrontiert. \u201eDen gilt es anzuerkennen, den<\/p>\n","protected":false},"author":1,"featured_media":0,"comment_status":"closed","ping_status":"closed","sticky":false,"template":"","format":"standard","meta":{"footnotes":""},"categories":[20],"tags":[],"_links":{"self":[{"href":"https:\/\/krankenhauspfarramt.de\/index.php\/wp-json\/wp\/v2\/posts\/3917"}],"collection":[{"href":"https:\/\/krankenhauspfarramt.de\/index.php\/wp-json\/wp\/v2\/posts"}],"about":[{"href":"https:\/\/krankenhauspfarramt.de\/index.php\/wp-json\/wp\/v2\/types\/post"}],"author":[{"embeddable":true,"href":"https:\/\/krankenhauspfarramt.de\/index.php\/wp-json\/wp\/v2\/users\/1"}],"replies":[{"embeddable":true,"href":"https:\/\/krankenhauspfarramt.de\/index.php\/wp-json\/wp\/v2\/comments?post=3917"}],"version-history":[{"count":0,"href":"https:\/\/krankenhauspfarramt.de\/index.php\/wp-json\/wp\/v2\/posts\/3917\/revisions"}],"wp:attachment":[{"href":"https:\/\/krankenhauspfarramt.de\/index.php\/wp-json\/wp\/v2\/media?parent=3917"}],"wp:term":[{"taxonomy":"category","embeddable":true,"href":"https:\/\/krankenhauspfarramt.de\/index.php\/wp-json\/wp\/v2\/categories?post=3917"},{"taxonomy":"post_tag","embeddable":true,"href":"https:\/\/krankenhauspfarramt.de\/index.php\/wp-json\/wp\/v2\/tags?post=3917"}],"curies":[{"name":"wp","href":"https:\/\/api.w.org\/{rel}","templated":true}]}}