{"id":3923,"date":"2021-11-09T15:29:05","date_gmt":"2021-11-09T15:29:05","guid":{"rendered":"https:\/\/krankenhauspfarramt.de\/index.php\/2021\/11\/09\/aufstehen-gegen-antisemitismus-ekd\/"},"modified":"2021-11-09T15:29:05","modified_gmt":"2021-11-09T15:29:05","slug":"aufstehen-gegen-antisemitismus-ekd","status":"publish","type":"post","link":"https:\/\/krankenhauspfarramt.de\/index.php\/2021\/11\/09\/aufstehen-gegen-antisemitismus-ekd\/","title":{"rendered":"\u201eAufstehen gegen Antisemitismus\u201c \u2013 EKD"},"content":{"rendered":"<p> <br \/>\n<\/p>\n<div id=\"\">\n<div class=\"article--meta article--meta__border clearfix\">\n<p>                                    <time datetime=\"09.11.2021 13:00\" class=\"article--time\">09.11.2021<\/time><strong class=\"article--type primus--overline\">Pressemitteilung<\/strong><\/p>\n<picture class=\"article--source-image image\"><source srcset=\"https:\/\/www.ekd.de\/ekd_de\/ds_img\/assets\/20170622_ekd-Quellenlogo_141_rdax_423x118.png\"><!--<source srcset=\"\/ekd_de\/ds_img\/assets\/20170622_ekd-Quellenlogo_141_rdax_141x39.png 1x, \/ekd_de\/ds_img\/assets\/20170622_ekd-Quellenlogo_141_rdax_282x78.png 2x, https:\/\/www.ekd.de\/ekd_de\/ds_img\/assets\/20170622_ekd-Quellenlogo_141_rdax_423x118.png 3x\">--><img decoding=\"async\" src=\"https:\/\/www.ekd.de\/ekd_de\/ds_img\/assets\/20170622_ekd-Quellenlogo_141_rdax_141x39.png\" alt=\"EKD Logo\" title=\"EKD Logo\"\/><\/source><\/picture>\n<\/p><\/div>\n<h2 class=\"article--sub-headline primus--sub-headline\">Synode der EKD gedenkt der Opfer des Nationalsozialismus<\/h2>\n<\/p><\/div>\n<div id=\"\">\n<p>Die Synode der Evangelischen Kirche in Deutschland (EKD) hat bei ihrer digitalen Tagung heute der Millionen verfolgter und ermordeter Mitmenschen durch die Nationalsozialisten gedacht. \u00a0In der Mittagsandacht sagte der Friedenbeauftragte der EKD, Renke Brahms:<\/p>\n<p>\u201eDer 9. November 1938 ist ein Datum zum Klagen. Die Synagogen brannten und die Novemberpogrome gegen die Juden fanden ihren vorl\u00e4ufigen H\u00f6hepunkt, brachten dann aber in den Folgejahren unvorstellbares Leid \u00fcber j\u00fcdische Mitb\u00fcrgerinnen und Mitb\u00fcrger in Deutschland mit der Verfolgung und Ermordung von Millionen &#8211; auch anderer Mitmenschen anderer Meinung und Lebensweise. Es ist und bleibt wichtig, sich daran zu erinnern und nicht zu vergessen.\u201c<\/p>\n<p class=\"Text\">Nie wieder d\u00fcrfe es zu einer solchen Situation kommen: \u201eEs gilt, den Anf\u00e4ngen zu wehren, gegen jede Form des Antisemitismus aufzustehen und an der Seite unserer j\u00fcdischen Mitb\u00fcrgerinnen und Mitb\u00fcrger zu stehen. Jede Form der gruppenbezogenen Menschenfeindlichkeit ist entgegenzutreten.\u201c<\/p>\n<p class=\"Text\">Brahms, dessen Amtszeit als Friedensbeauftragter mit der Ratsperiode endet, erinnerte auch an die friedliche Revolution vom 9. November 1989. \u201eEs war eine friedliche und gewaltfreie Ver\u00e4nderung, der Ruf \u201aKeine Gewalt\u2018 hat Frucht getragen. Kerzen und Gebete haben dazu ebenso einen gro\u00dfen Teil beigetragen wie mutige und entschiedene Menschen. Das ist &#8211; trotz immer noch vorhandener Probleme &#8211; ein gro\u00dfes Geschenk.\u201c Diese Geschichte ermutige dazu, \u201egewaltfreie Mittel und Wege zu finden, um Trennungen zu \u00fcberwinden, Mauern in den K\u00f6pfen und zwischen Nationen abzubauen und Konflikte zu l\u00f6sen.\u201c<\/p>\n<p class=\"Text\">Die Synode feiert ihre Mittagsandachten als Friedensgebete. Bis zur Friedlichen Revolution war das mont\u00e4gliche Gebet in der DDR eine der wenigen Gelegenheiten, bei denen Menschen viele ihrer N\u00f6te, Sorgen und Anliegen ungestraft aussprechen durften.<\/p>\n<p>Am Nachmittag h\u00e4lt Brahms seinen letzten Bericht als Friedensbeauftragter der EKD. Die Tagung der Synode der EKD wird unter www.ekd.de\/stream im Internet gestreamt.<\/p>\n<p>Bremen, 9. November 2021<\/p>\n<p>Pressestelle der EKD<br \/>Carsten Splitt<\/p>\n<p>\u00a0<\/p>\n<p><em>\u00dcber die Synode der EKD: Die Synode der EKD ist neben Rat und Kirchenkonferenz eines der drei Leitungsorgane der EKD. Sie tagt vom 7. bis 10. November in Bremen. Nach der Grundordnung der EKD besteht die 13. Synode aus 120 Mitgliedern. Zu den Aufgaben der Synode z\u00e4hlen die Erarbeitung von Kundgebungen und Beschl\u00fcssen zu Fragen der Zeit sowie die Begleitung der Arbeit des Rates der EKD durch Richtlinien. Die Synode ber\u00e4t und beschlie\u00dft aber auch den Haushalt und die Kirchengesetze. Geleitet wird die Synode vom Pr\u00e4sidium unter dem Vorsitz von Pr\u00e4ses Anna-Nicole Heinrich. Sie ist zugleich Mitglied des 15-k\u00f6pfigen Rates der EKD. Vorsitzender des Rates der EKD ist Landesbischof Heinrich Bedford-Strohm. Die EKD ist die Gemeinschaft von 20 lutherischen, reformierten und unierten Landeskirchen. 20,2 Millionen evangelische Christinnen und Christen in Deutschland geh\u00f6ren zu einer der 13.200 Kirchengemeinden.<\/em><\/p>\n<\/div>\n<div id=\"\">\n<div class=\"article--downloads download\">\n<figure class=\"image image__float\" style=\"z-index: 4; position: relative;\"><picture><source srcset=\"https:\/\/www.ekd.de\/ekd_de\/ds_img\/assets_789_x\/211001-ekd-synode2021_1875x1056_rdax_263x148_60.jpg 1x, https:\/\/www.ekd.de\/ekd_de\/ds_img\/assets_789_x\/211001-ekd-synode2021_1875x1056_rdax_526x296_60.jpg 2x, https:\/\/www.ekd.de\/ekd_de\/ds_img\/assets_789_x\/211001-ekd-synode2021_1875x1056_rdax_60.jpg 3x\"><img decoding=\"async\" src=\"https:\/\/www.ekd.de\/ekd_de\/ds_img\/assets_789_x\/211001-ekd-synode2021_1875x1056_rdax_263x148_60.jpg\" alt=\"Motivbild Synode 2021\" title=\"Motivbild Synode 2021\"\/><\/source><\/picture>\n<\/figure>\n<p><h3 class=\"primus--sub-headline\">EKD-Synode 2021<\/h3>\n<\/p>\n<p>Die <strong>2. Tagung der 13. Synode<\/strong> der EKD findet vom <strong>7. bis 10. November 2021 digital <\/strong>statt. Auf dieser Seite finden Sie alle Informationen zur Synodentagung und der Wahl des neuen Rates der EKD.<\/p>\n<\/p><\/div>\n<\/div>\n","protected":false},"excerpt":{"rendered":"<p>09.11.2021Pressemitteilung Synode der EKD gedenkt der Opfer des Nationalsozialismus Die Synode der Evangelischen Kirche in Deutschland (EKD) hat bei ihrer<\/p>\n","protected":false},"author":1,"featured_media":0,"comment_status":"closed","ping_status":"closed","sticky":false,"template":"","format":"standard","meta":{"footnotes":""},"categories":[20],"tags":[],"_links":{"self":[{"href":"https:\/\/krankenhauspfarramt.de\/index.php\/wp-json\/wp\/v2\/posts\/3923"}],"collection":[{"href":"https:\/\/krankenhauspfarramt.de\/index.php\/wp-json\/wp\/v2\/posts"}],"about":[{"href":"https:\/\/krankenhauspfarramt.de\/index.php\/wp-json\/wp\/v2\/types\/post"}],"author":[{"embeddable":true,"href":"https:\/\/krankenhauspfarramt.de\/index.php\/wp-json\/wp\/v2\/users\/1"}],"replies":[{"embeddable":true,"href":"https:\/\/krankenhauspfarramt.de\/index.php\/wp-json\/wp\/v2\/comments?post=3923"}],"version-history":[{"count":0,"href":"https:\/\/krankenhauspfarramt.de\/index.php\/wp-json\/wp\/v2\/posts\/3923\/revisions"}],"wp:attachment":[{"href":"https:\/\/krankenhauspfarramt.de\/index.php\/wp-json\/wp\/v2\/media?parent=3923"}],"wp:term":[{"taxonomy":"category","embeddable":true,"href":"https:\/\/krankenhauspfarramt.de\/index.php\/wp-json\/wp\/v2\/categories?post=3923"},{"taxonomy":"post_tag","embeddable":true,"href":"https:\/\/krankenhauspfarramt.de\/index.php\/wp-json\/wp\/v2\/tags?post=3923"}],"curies":[{"name":"wp","href":"https:\/\/api.w.org\/{rel}","templated":true}]}}