{"id":3928,"date":"2021-11-10T11:53:54","date_gmt":"2021-11-10T11:53:54","guid":{"rendered":"https:\/\/krankenhauspfarramt.de\/index.php\/2021\/11\/10\/segenswuensche-fuer-die-neue-ratsvorsitzende-annette-kurschus-ekd\/"},"modified":"2021-11-10T11:53:54","modified_gmt":"2021-11-10T11:53:54","slug":"segenswuensche-fuer-die-neue-ratsvorsitzende-annette-kurschus-ekd","status":"publish","type":"post","link":"https:\/\/krankenhauspfarramt.de\/index.php\/2021\/11\/10\/segenswuensche-fuer-die-neue-ratsvorsitzende-annette-kurschus-ekd\/","title":{"rendered":"Segensw\u00fcnsche f\u00fcr die neue Ratsvorsitzende Annette Kurschus \u2013 EKD"},"content":{"rendered":"<p> <br \/>\n<\/p>\n<div id=\"\">\n<div class=\"article--meta article--meta__border clearfix\">\n<p>                                    <time datetime=\"10.11.2021 10:15\" class=\"article--time\">10.11.2021<\/time><strong class=\"article--type primus--overline\">Pressemitteilung<\/strong><\/p>\n<picture class=\"article--source-image image\"><source srcset=\"https:\/\/www.ekd.de\/ekd_de\/ds_img\/assets\/velkd.jpg\"><!--<source srcset=\"\/ekd_de\/ds_img\/assets\/velkd_rdax_141x141.jpg 1x, \/ekd_de\/ds_img\/assets\/velkd_rdax_282x282.jpg 2x, https:\/\/www.ekd.de\/ekd_de\/ds_img\/assets\/velkd.jpg 3x\">--><img decoding=\"async\" src=\"https:\/\/www.ekd.de\/ekd_de\/ds_img\/assets\/velkd_rdax_141x141.jpg\" alt=\"Logo Vereinigte Evangelisch-Lutherische Kirche Deutschlands\" title=\"Logo Vereinigte Evangelisch-Lutherische Kirche Deutschlands\"\/><\/source><\/picture>\n<\/p><\/div>\n<h2 class=\"article--sub-headline primus--sub-headline\">Leitender Bischof der VELKD gratuliert der westf\u00e4lischen Pr\u00e4ses zur Wahl an die Spitze des Rates der EKD<\/h2>\n<\/p><\/div>\n<div id=\"\">\n<p class=\"VELKDFlietext\"><span style=\"line-height:14pt\">Der Leitende Bischof der Vereinigten Evangelisch-Lutherischen Kirche Deutschlands (VELKD), Landesbischof Ralf Meister (Hannover), gratuliert der westf\u00e4lischen Pr\u00e4ses Annette Kurschus zur Wahl als Vorsitzende des Rates der Evangelischen Kirche in Deutschland (EKD) und w\u00fcnscht ihr Gottes Segen f\u00fcr die neue Aufgabe. <\/span><\/p>\n<p class=\"VELKDFlietext\">\u201eAus der geistlichen Mitte heraus theologisch reflektiert \u00f6ffentlich zu reden und zu handeln, daf\u00fcr steht Annette Kurschus. Sie wird der Evangelischen Kirche in Deutschland eine deutlich wahrnehmbare Stimme verleihen, evangelische Positionen entschieden im \u00f6ffentlichen Diskurs vertreten und die Gemeinschaft der Gliedkirchen der EKD nach innen verbinden sowie nach au\u00dfen st\u00e4rken. Mit ihr als Ratsvorsitzende, die Erfahrung und Ver\u00e4nderungsbereitschaft verbindet, wird die Evangelische Kirche mutig in die Zukunft gehen\u201c, so Landesbischof Ralf Meister in seinem Gratulationsschreiben.<\/p>\n<p class=\"VELKDFlietext\"><span style=\"line-height:14pt\">Annette Kurschus war am 9. November im 1. Wahlgang von der Synode der EKD in den Rat gew\u00e4hlt worden, am heutigen 10. November wurde sie von Synode und Kirchenkonferenz zur Ratsvorsitzenden gew\u00e4hlt.<\/span><\/p>\n<p class=\"VELKDFlietext\"><span style=\"line-height:14pt\">Hannover, 10. November 2021<\/span><\/p>\n<p class=\"VELKDFlietext\"><span style=\"line-height:14pt\">Pressestelle der VELKD<\/span><br \/><span style=\"line-height:14pt\">Gundolf Holfert<\/span><\/p>\n<\/div>\n","protected":false},"excerpt":{"rendered":"<p>10.11.2021Pressemitteilung Leitender Bischof der VELKD gratuliert der westf\u00e4lischen Pr\u00e4ses zur Wahl an die Spitze des Rates der EKD Der Leitende<\/p>\n","protected":false},"author":1,"featured_media":0,"comment_status":"closed","ping_status":"closed","sticky":false,"template":"","format":"standard","meta":{"footnotes":""},"categories":[20],"tags":[],"_links":{"self":[{"href":"https:\/\/krankenhauspfarramt.de\/index.php\/wp-json\/wp\/v2\/posts\/3928"}],"collection":[{"href":"https:\/\/krankenhauspfarramt.de\/index.php\/wp-json\/wp\/v2\/posts"}],"about":[{"href":"https:\/\/krankenhauspfarramt.de\/index.php\/wp-json\/wp\/v2\/types\/post"}],"author":[{"embeddable":true,"href":"https:\/\/krankenhauspfarramt.de\/index.php\/wp-json\/wp\/v2\/users\/1"}],"replies":[{"embeddable":true,"href":"https:\/\/krankenhauspfarramt.de\/index.php\/wp-json\/wp\/v2\/comments?post=3928"}],"version-history":[{"count":0,"href":"https:\/\/krankenhauspfarramt.de\/index.php\/wp-json\/wp\/v2\/posts\/3928\/revisions"}],"wp:attachment":[{"href":"https:\/\/krankenhauspfarramt.de\/index.php\/wp-json\/wp\/v2\/media?parent=3928"}],"wp:term":[{"taxonomy":"category","embeddable":true,"href":"https:\/\/krankenhauspfarramt.de\/index.php\/wp-json\/wp\/v2\/categories?post=3928"},{"taxonomy":"post_tag","embeddable":true,"href":"https:\/\/krankenhauspfarramt.de\/index.php\/wp-json\/wp\/v2\/tags?post=3928"}],"curies":[{"name":"wp","href":"https:\/\/api.w.org\/{rel}","templated":true}]}}