{"id":3932,"date":"2021-11-10T20:07:41","date_gmt":"2021-11-10T20:07:41","guid":{"rendered":"https:\/\/krankenhauspfarramt.de\/index.php\/2021\/11\/10\/annette-kurschus-ist-neue-ratsvorsitzende-ekd\/"},"modified":"2021-11-10T20:07:41","modified_gmt":"2021-11-10T20:07:41","slug":"annette-kurschus-ist-neue-ratsvorsitzende-ekd","status":"publish","type":"post","link":"https:\/\/krankenhauspfarramt.de\/index.php\/2021\/11\/10\/annette-kurschus-ist-neue-ratsvorsitzende-ekd\/","title":{"rendered":"Annette Kurschus ist neue Ratsvorsitzende \u2013 EKD"},"content":{"rendered":"<p> <br \/>\n<\/p>\n<div id=\"\">\n<div class=\"article--meta article--meta__border clearfix\">\n<p>                                    <time datetime=\"10.11.2021 09:00\" class=\"article--time\">10.11.2021<\/time><strong class=\"article--type primus--overline\">Pressemitteilung<\/strong><\/p>\n<picture class=\"article--source-image image\"><source srcset=\"https:\/\/www.ekd.de\/ekd_de\/ds_img\/assets\/20170622_ekd-Quellenlogo_141_rdax_423x118.png\"><!--<source srcset=\"\/ekd_de\/ds_img\/assets\/20170622_ekd-Quellenlogo_141_rdax_141x39.png 1x, \/ekd_de\/ds_img\/assets\/20170622_ekd-Quellenlogo_141_rdax_282x78.png 2x, https:\/\/www.ekd.de\/ekd_de\/ds_img\/assets\/20170622_ekd-Quellenlogo_141_rdax_423x118.png 3x\">--><img decoding=\"async\" src=\"https:\/\/www.ekd.de\/ekd_de\/ds_img\/assets\/20170622_ekd-Quellenlogo_141_rdax_141x39.png\" alt=\"EKD Logo\" title=\"EKD Logo\"\/><\/source><\/picture>\n<\/p><\/div>\n<h2 class=\"article--sub-headline primus--sub-headline\">Leitende Theologin aus Westfalen f\u00fcr sechs Jahre an die Spitze der evangelischen Kirche gew\u00e4hlt<\/h2>\n<\/p><\/div>\n<div id=\"\">\n<p>Annette Kurschus, Pr\u00e4ses der Evangelischen Kirche von Westfalen, ist heute Vormittag in Bremen mit 126 von 140 abgegebenen Stimmen von Synode und Kirchenkonferenz zur Ratsvorsitzenden der Evangelischen Kirche in Deutschland (EKD) gew\u00e4hlt worden. \u201eWir freuen uns, dass mit Annette Kurschus eine ausgezeichnete Theologin gew\u00e4hlt wurde, die ebenso leitungserfahren wie zugewandt ist\u201c, so die Pr\u00e4ses der EKD-Synode, Anna-Nicole Heinrich, in ihrer Gratulation. \u201eGemeinsam mit den Mitgliedern des Rates werde die Ratsvorsitzende Annette Kurschus die Stimme der evangelischen Kirche in den dr\u00e4ngenden gesellschaftlichen Fragen zu Geh\u00f6r bringen\u201c, betonte Anna-Nicole Heinrich.<\/p>\n<p>Annette Kurschus, am 14.2.1963 in Rotenburg an der Fulda geboren, ist in einem Pfarrhaus im hessischen Obersuhl und in Siegen aufgewachsen. Sie studierte ab 1983 in Bonn, Marburg, M\u00fcnster und Wuppertal Theologie. Ab 1989 war sie Vikarin und dann Gemeindepfarrerin in mehreren Siegener Kirchengemeinden. 2005 wurde sie Superintendentin des Kirchenkreises Siegen. Seit 2012 steht Pr\u00e4ses Annette Kurschus als erste Frau an der Spitze der Evangelischen Kirche von Westfalen, der viertgr\u00f6\u00dften Landeskirche in Deutschland. Die Westf\u00e4lische Wilhelms-Universit\u00e4t hat ihr im Januar 2019 die Ehrendoktorw\u00fcrde der Evangelischen Theologie verliehen. Seit November 2015 war sie stellvertretende Vorsitzende des Rates der EKD, seit 2016 zudem Beauftragte des Rates der EKD f\u00fcr die Beziehungen zu den polnischen Kirchen.<\/p>\n<p>Bremen, 10. November 2021<\/p>\n<p class=\"Default\">Pressestelle der EKD<br \/><span style=\"line-height:115%\"><span style=\"line-height:115%\">Carsten Splitt<\/span><\/span><\/p>\n<p class=\"EKDFlietext\">\u00a0<\/p>\n<p class=\"EKDFlietext\"><em>\u00dcber die Synode der EKD: Die Synode der EKD ist neben Rat und Kirchenkonferenz eines der drei Leitungsorgane der EKD. Sie tagt vom 7. bis 10. November in Bremen. Nach der Grundordnung der EKD besteht die 13. Synode aus 120 Mitgliedern. Zu den Aufgaben der Synode z\u00e4hlen die Erarbeitung von Kundgebungen und Beschl\u00fcssen zu Fragen der Zeit sowie die Begleitung der Arbeit des Rates der EKD durch Richtlinien. Die Synode ber\u00e4t und beschlie\u00dft aber auch den Haushalt und die Kirchengesetze. Geleitet wird die Synode vom Pr\u00e4sidium unter dem Vorsitz von Pr\u00e4ses Anna-Nicole Heinrich. Sie ist zugleich Mitglied des 15-k\u00f6pfigen Rates der EKD. Vorsitzende des Rates der EKD ist Annette Kurschus. Die EKD ist die Gemeinschaft von 20 lutherischen, reformierten und unierten Landeskirchen. 20,2 Millionen evangelische Christinnen und Christen in Deutschland geh\u00f6ren zu einer der 13.200 Kirchengemeinden.<\/em><\/p>\n<\/div>\n<div id=\"\">\n<div class=\"article--downloads download\">\n<figure class=\"image image__float\" style=\"z-index: 4; position: relative;\"><picture><source srcset=\"https:\/\/www.ekd.de\/ekd_de\/ds_img\/assets_789_x\/211001-ekd-synode2021_1875x1056_rdax_263x148_60.jpg 1x, https:\/\/www.ekd.de\/ekd_de\/ds_img\/assets_789_x\/211001-ekd-synode2021_1875x1056_rdax_526x296_60.jpg 2x, https:\/\/www.ekd.de\/ekd_de\/ds_img\/assets_789_x\/211001-ekd-synode2021_1875x1056_rdax_60.jpg 3x\"><img decoding=\"async\" src=\"https:\/\/www.ekd.de\/ekd_de\/ds_img\/assets_789_x\/211001-ekd-synode2021_1875x1056_rdax_263x148_60.jpg\" alt=\"Motivbild Synode 2021\" title=\"Motivbild Synode 2021\"\/><\/source><\/picture>\n<\/figure>\n<p><h3 class=\"primus--sub-headline\">EKD-Synode 2021<\/h3>\n<\/p>\n<p>Die <strong>2. Tagung der 13. Synode<\/strong> der EKD findet vom <strong>7. bis 10. November 2021 digital <\/strong>statt. Auf dieser Seite finden Sie alle Informationen zur Synodentagung und der Wahl des neuen Rates der EKD.<\/p>\n<\/p><\/div>\n<\/div>\n","protected":false},"excerpt":{"rendered":"<p>10.11.2021Pressemitteilung Leitende Theologin aus Westfalen f\u00fcr sechs Jahre an die Spitze der evangelischen Kirche gew\u00e4hlt Annette Kurschus, Pr\u00e4ses der Evangelischen<\/p>\n","protected":false},"author":1,"featured_media":0,"comment_status":"closed","ping_status":"closed","sticky":false,"template":"","format":"standard","meta":{"footnotes":""},"categories":[20],"tags":[],"_links":{"self":[{"href":"https:\/\/krankenhauspfarramt.de\/index.php\/wp-json\/wp\/v2\/posts\/3932"}],"collection":[{"href":"https:\/\/krankenhauspfarramt.de\/index.php\/wp-json\/wp\/v2\/posts"}],"about":[{"href":"https:\/\/krankenhauspfarramt.de\/index.php\/wp-json\/wp\/v2\/types\/post"}],"author":[{"embeddable":true,"href":"https:\/\/krankenhauspfarramt.de\/index.php\/wp-json\/wp\/v2\/users\/1"}],"replies":[{"embeddable":true,"href":"https:\/\/krankenhauspfarramt.de\/index.php\/wp-json\/wp\/v2\/comments?post=3932"}],"version-history":[{"count":0,"href":"https:\/\/krankenhauspfarramt.de\/index.php\/wp-json\/wp\/v2\/posts\/3932\/revisions"}],"wp:attachment":[{"href":"https:\/\/krankenhauspfarramt.de\/index.php\/wp-json\/wp\/v2\/media?parent=3932"}],"wp:term":[{"taxonomy":"category","embeddable":true,"href":"https:\/\/krankenhauspfarramt.de\/index.php\/wp-json\/wp\/v2\/categories?post=3932"},{"taxonomy":"post_tag","embeddable":true,"href":"https:\/\/krankenhauspfarramt.de\/index.php\/wp-json\/wp\/v2\/tags?post=3932"}],"curies":[{"name":"wp","href":"https:\/\/api.w.org\/{rel}","templated":true}]}}