{"id":3934,"date":"2021-11-11T02:55:46","date_gmt":"2021-11-11T02:55:46","guid":{"rendered":"https:\/\/krankenhauspfarramt.de\/index.php\/2021\/11\/11\/annette-kurschus-ist-neue-ekd-ratsvorsitzende-ekd\/"},"modified":"2021-11-11T02:55:46","modified_gmt":"2021-11-11T02:55:46","slug":"annette-kurschus-ist-neue-ekd-ratsvorsitzende-ekd","status":"publish","type":"post","link":"https:\/\/krankenhauspfarramt.de\/index.php\/2021\/11\/11\/annette-kurschus-ist-neue-ekd-ratsvorsitzende-ekd\/","title":{"rendered":"Annette Kurschus ist neue EKD-Ratsvorsitzende \u2013 EKD"},"content":{"rendered":"<p> <br \/>\n<\/p>\n<div id=\"\">\n<p><span>Bremen (epd). Die westf\u00e4lische Theologin Annette Kurschus ist neue Ratsvorsitzende der Evangelischen Kirche in Deutschland (EKD). Die Synode w\u00e4hlte die Pr\u00e4ses der Evangelischen Kirche von Westfalen am Mittwoch mit 126 von 140 Stimmen zur obersten Repr\u00e4sentantin der rund 20,2 Millionen deutschen Protestanten. Es gab vier Nein-Stimmen und zehn Enthaltungen.<\/span><\/p>\n<p><span>Die 58-j\u00e4hrige Kurschus war zuvor bereits stellvertretende EKD-Ratsvorsitzende und ist nach Margot K\u00e4\u00dfmann die zweite Frau an der Spitze der EKD in deren Geschichte. Sie folgt auf Heinrich Bedford-Strohm, der nicht f\u00fcr eine weitere sechsj\u00e4hrige Amtszeit kandidierte.<\/span><\/p>\n<p><span>Kurschus steht seit 2012 an der Spitze der westf\u00e4lischen Landeskirche, die derzeit rund 2,1 Millionen Mitglieder hat. Besonders gesch\u00e4tzt sind die Predigten der ruhig und \u00fcberlegt auftretenden Theologin. Bei den Wahlen zum Rat der EKD war Kurschus am Dienstag als einzige Kandidatin bereits im ersten Wahlgang mit der notwendigen Zwei-Drittel-Mehrheit in das kirchliche Leitungsgremium gew\u00e4hlt worden. Damit wurde sie zur Favoritin f\u00fcr den Ratsvorsitz.<\/span><\/p>\n<p><span>Synode und Kirchenkonferenz als Vertretung der 20 Landeskirchen entscheiden in digitaler Sitzung am Dienstag auch noch \u00fcber ihre Stellvertreterin oder ihren Stellvertreter aus dem Kreis der 15 Ratsmitglieder. Vorgeschlagen ist die 60 Jahre alte Hamburger Bisch\u00f6fin Kirsten Fehrs.<\/span><\/p>\n<\/div>\n<div id=\"\">\n<div class=\"article--downloads download\">\n<figure class=\"image image__float\" style=\"z-index: 4; position: relative;\"><picture><source srcset=\"https:\/\/www.ekd.de\/ekd_de\/ds_img\/assets_789_x\/211001-ekd-synode2021_1875x1056_rdax_263x148_60.jpg 1x, https:\/\/www.ekd.de\/ekd_de\/ds_img\/assets_789_x\/211001-ekd-synode2021_1875x1056_rdax_526x296_60.jpg 2x, https:\/\/www.ekd.de\/ekd_de\/ds_img\/assets_789_x\/211001-ekd-synode2021_1875x1056_rdax_60.jpg 3x\"><img decoding=\"async\" src=\"https:\/\/www.ekd.de\/ekd_de\/ds_img\/assets_789_x\/211001-ekd-synode2021_1875x1056_rdax_263x148_60.jpg\" alt=\"Motivbild Synode 2021\" title=\"Motivbild Synode 2021\"\/><\/source><\/picture>\n<\/figure>\n<p><h3 class=\"primus--sub-headline\">EKD-Synode 2021<\/h3>\n<\/p>\n<p>Die <strong>2. Tagung der 13. Synode<\/strong> der EKD findet vom <strong>7. bis 10. November 2021 digital <\/strong>statt. Auf dieser Seite finden Sie alle Informationen zur Synodentagung und der Wahl des neuen Rates der EKD.<\/p>\n<\/p><\/div>\n<\/div>\n","protected":false},"excerpt":{"rendered":"<p>Bremen (epd). Die westf\u00e4lische Theologin Annette Kurschus ist neue Ratsvorsitzende der Evangelischen Kirche in Deutschland (EKD). Die Synode w\u00e4hlte die<\/p>\n","protected":false},"author":1,"featured_media":0,"comment_status":"closed","ping_status":"closed","sticky":false,"template":"","format":"standard","meta":{"footnotes":""},"categories":[20],"tags":[],"_links":{"self":[{"href":"https:\/\/krankenhauspfarramt.de\/index.php\/wp-json\/wp\/v2\/posts\/3934"}],"collection":[{"href":"https:\/\/krankenhauspfarramt.de\/index.php\/wp-json\/wp\/v2\/posts"}],"about":[{"href":"https:\/\/krankenhauspfarramt.de\/index.php\/wp-json\/wp\/v2\/types\/post"}],"author":[{"embeddable":true,"href":"https:\/\/krankenhauspfarramt.de\/index.php\/wp-json\/wp\/v2\/users\/1"}],"replies":[{"embeddable":true,"href":"https:\/\/krankenhauspfarramt.de\/index.php\/wp-json\/wp\/v2\/comments?post=3934"}],"version-history":[{"count":0,"href":"https:\/\/krankenhauspfarramt.de\/index.php\/wp-json\/wp\/v2\/posts\/3934\/revisions"}],"wp:attachment":[{"href":"https:\/\/krankenhauspfarramt.de\/index.php\/wp-json\/wp\/v2\/media?parent=3934"}],"wp:term":[{"taxonomy":"category","embeddable":true,"href":"https:\/\/krankenhauspfarramt.de\/index.php\/wp-json\/wp\/v2\/categories?post=3934"},{"taxonomy":"post_tag","embeddable":true,"href":"https:\/\/krankenhauspfarramt.de\/index.php\/wp-json\/wp\/v2\/tags?post=3934"}],"curies":[{"name":"wp","href":"https:\/\/api.w.org\/{rel}","templated":true}]}}