{"id":3938,"date":"2021-11-15T10:47:37","date_gmt":"2021-11-15T10:47:37","guid":{"rendered":"https:\/\/krankenhauspfarramt.de\/index.php\/2021\/11\/15\/11-11-2021-digitalisierung-in-der-kirchengemeinde-braucht-klares-ziel\/"},"modified":"2021-11-15T10:47:37","modified_gmt":"2021-11-15T10:47:37","slug":"11-11-2021-digitalisierung-in-der-kirchengemeinde-braucht-klares-ziel","status":"publish","type":"post","link":"https:\/\/krankenhauspfarramt.de\/index.php\/2021\/11\/15\/11-11-2021-digitalisierung-in-der-kirchengemeinde-braucht-klares-ziel\/","title":{"rendered":"11.11.2021 \u201eDigitalisierung in der Kirchengemeinde braucht klares Ziel\u201c"},"content":{"rendered":"<p><img decoding=\"async\" src=\"https:\/\/www.elk-wue.de\/\" \/><\/p>\n<div id=\"c32359\">\n<header>\n<h2 class=\"b_is-headline\">\u201eDigitalisierung in der Kirchengemeinde braucht klares Ziel\u201c<\/h2>\n<h3>Die drei s\u00fcddeutschen Landeskirchen starten Modellprojekt \u201eDie digitale Mustergemeinde\u201c<\/h3>\n<\/header>\n<p>M\u00fcnchen\/Karlsruhe\/Stuttgart. Auch im kirchlichen Bereich hat die Corona-Pandemie vor allem vor Ort in den Gemeinden f\u00fcr einen regelrechten Digitalisierungsschub gesorgt. Die drei s\u00fcddeutschen Landeskirchen Bayern, Baden und W\u00fcrttemberg m\u00f6chten diese Entwicklung nun verst\u00e4rken. Unterst\u00fctzt vom Digitalinnovationsfonds der Evangelischen Kirche in Deutschland (EKD) haben sie deshalb das Projekt \u201eDie digitale Mustergemeinde\u201c gestartet. Je Landeskirche wird es dabei eine Modellgemeinde geben. Die Ergebnisse der ersten Projektphase wurden jetzt vorgestellt; die Hauptphase des Vorhabens startet im November 2021.<\/p>\n<p>\u201eEs geht in unserem Projekt um die Entwicklung eines in drei konkreten Kirchengemeinden erprobten Vorgehensmodells, anhand dessen wesentliche Schritte der Digitalisierung vor Ort praktiziert und nachvollzogen werden k\u00f6nnen\u201c, erl\u00e4utert Dr. J\u00f6rg Ohnemus von der Stabstelle Digitalisierung der badischen Landeskirche (Karlsruhe). \u201eDabei ist es uns wichtig, praxistaugliche Modelle zu entwickeln, die den Gemeinden helfen, die M\u00f6glichkeiten der Digitalisierung f\u00fcr sich zu nutzen\u201c, erg\u00e4nzt Dr. Nico Friederich aus dem Referat Digitalisierung und Organisationsentwicklung der Evangelischen Landeskirche in W\u00fcrttemberg (Stuttgart). Prof. Dr. Thomas Zeilinger, Beauftragter f\u00fcr Ethik im Dialog mit Technologie und Naturwissenschaften bei der Evangelisch-Lutherischen Kirche in Bayern (M\u00fcnchen), meint: \u201eAm Projekt finde ich das Zusammen-Denken und Zusammen-Wirken besonders spannend: vorhandene Erfahrungen und neue Modelle finden zueinander, \u00fcber etablierte Grenzen hinweg.&#8220;<\/p>\n<p>In der ersten Projektphase, deren Ergebnisse den beteiligten Gemeinden pr\u00e4sentiert wurden, ging es um die Recherche bestehender Studien und Best Practices zur Digitalisierung in Kirchengemeinden und in vergleichbaren anderen Bereichen. Auch wurden die Bedarfe der beteiligten Kirchengemeinden erhoben. Umfassende Literaturrecherche, internationale Experteninterviews und intensive Gemeindegespr\u00e4che wurden dabei unter wissenschaftlicher Leitung von Prof. Dr. Holger Sievert, Digitalisierungsexperte von der Hochschule Macromedia mit Sitz u. a. in Freiburg, M\u00fcnchen und Stuttgart, durchgef\u00fchrt. \u201eAlle unsere Ergebnisse zeigen klar, dass Digitalisierung in Gemeinden nur dann wirklich erfolgreich ist, wenn man damit ein klares Ziel etwa im Rahmen der Gemeindekonzeption verfolgt\u201c, so Sievert. \u201eBei der Umsetzung sind deshalb intensive strategische Beratung, Begleitung und Betreuung noch viel wichtiger ist als das reine Bereitstellen passender Tools.\u201c<\/p>\n<p>Auch in den beteiligten Gemeinden wird die Wichtigkeit des Themas gesehen. Die gew\u00e4hlten Schwerpunkte wie auch das regionale Umfeld unterscheiden sich dabei ein wenig. \u201eWir halten die weitere Digitalisierung unserer Kirchengemeinde f\u00fcr notwendig, um zukunftsf\u00e4hig zu sein\u201c, sagt Johannes Ei\u00dfler, Pfarrer in der Evangelischen Kirchengemeinde Eningen unter Achalm. Sein Kollege Dr. Fabian Kliesch aus der Bonhoeffergemeinde Heidelberg f\u00fcgt hinzu: \u201eSo wollen wir das Streamen der Gottesdienste professionalisieren und neue Interaktionen zwischen den Gemeindegliedern ausprobieren, die gleichzeitig vor Ort und digital mitfeiern.\u201c Ivo Huber, Dekan in Markt Einersheim, betont: \u201eNeue Zielgruppen jenseits der Kerngemeinde k\u00f6nnen nur \u00fcber neue Formen digitaler Formate angesprochen werden, diese wollen allerdings qualitativ gut gestaltet sein.\u201c<\/p>\n<p>Ab November startet die Umsetzungsphase des Projektes. Die drei Landeskirchen stellen hierf\u00fcr einen gemeinsamen Projektmanager und die Umsetzungskompetenz mehrerer landeskirchlicher Fachstellen zur Verf\u00fcgung. Konkret vorgegangen werden soll dabei in vier Kernbereichen des \u201eDigitalisierungshauses\u201c, welches im Rahmen der ersten Projektphase vom Team um Sievert gemeinsam mit den Landeskirchen entwickelt wurde. Das Dach bildet dabei das Thema \u201eMotivieren &amp; Ver\u00e4ndern\u201c f\u00fcr die strategische und kulturelle Ausgestaltung des gesamten Prozesses. Die drei konkreten Handlungss\u00e4ulen besch\u00e4ftigen sich mit \u201eAnk\u00fcndigen &amp; Berichten\u201c (z. B. \u00fcber Social Media), \u201eDurchf\u00fchren &amp; Veranstaltung\u201c (z. B. bei Online-Gottesdiensten) sowie \u201eOrganisieren &amp; Verwalten\u201c (z. B. f\u00fcr interne Kommunikation und Zusammenarbeit ehren- wie hauptamtlicher Mitarbeitender). Bereits im Fr\u00fchjahr n\u00e4chsten Jahres soll es dann eine Zwischenevaluation der bisher erreichten Ver\u00e4nderungen geben.<\/p>\n<p>\u00a0<\/p>\n<p>Oliver Hoesch<br \/>Sprecher der Landeskirche<\/p>\n<p><strong>Hinweis<\/strong>: Die Pressemitteilung wird von den drei s\u00fcddeutschen Landeskirchen zeitgleich versendet.<\/p>\n<\/div>\n","protected":false},"excerpt":{"rendered":"<p>\u201eDigitalisierung in der Kirchengemeinde braucht klares Ziel\u201c Die drei s\u00fcddeutschen Landeskirchen starten Modellprojekt \u201eDie digitale Mustergemeinde\u201c M\u00fcnchen\/Karlsruhe\/Stuttgart. Auch im kirchlichen<\/p>\n","protected":false},"author":1,"featured_media":0,"comment_status":"closed","ping_status":"closed","sticky":false,"template":"","format":"standard","meta":{"footnotes":""},"categories":[21],"tags":[],"_links":{"self":[{"href":"https:\/\/krankenhauspfarramt.de\/index.php\/wp-json\/wp\/v2\/posts\/3938"}],"collection":[{"href":"https:\/\/krankenhauspfarramt.de\/index.php\/wp-json\/wp\/v2\/posts"}],"about":[{"href":"https:\/\/krankenhauspfarramt.de\/index.php\/wp-json\/wp\/v2\/types\/post"}],"author":[{"embeddable":true,"href":"https:\/\/krankenhauspfarramt.de\/index.php\/wp-json\/wp\/v2\/users\/1"}],"replies":[{"embeddable":true,"href":"https:\/\/krankenhauspfarramt.de\/index.php\/wp-json\/wp\/v2\/comments?post=3938"}],"version-history":[{"count":0,"href":"https:\/\/krankenhauspfarramt.de\/index.php\/wp-json\/wp\/v2\/posts\/3938\/revisions"}],"wp:attachment":[{"href":"https:\/\/krankenhauspfarramt.de\/index.php\/wp-json\/wp\/v2\/media?parent=3938"}],"wp:term":[{"taxonomy":"category","embeddable":true,"href":"https:\/\/krankenhauspfarramt.de\/index.php\/wp-json\/wp\/v2\/categories?post=3938"},{"taxonomy":"post_tag","embeddable":true,"href":"https:\/\/krankenhauspfarramt.de\/index.php\/wp-json\/wp\/v2\/tags?post=3938"}],"curies":[{"name":"wp","href":"https:\/\/api.w.org\/{rel}","templated":true}]}}